{"id":9368,"date":"2016-03-30T11:54:31","date_gmt":"2016-03-30T14:54:31","guid":{"rendered":"http:\/\/www.rincondelbulla.cl\/portal\/?p=9368"},"modified":"2016-03-30T17:10:26","modified_gmt":"2016-03-30T20:10:26","slug":"la-historia-del-polemico-twitter-de-recoleta-en-contra-de-herrera","status":"publish","type":"post","link":"http:\/\/www.rincondelbulla.cl\/portal\/2016\/03\/30\/la-historia-del-polemico-twitter-de-recoleta-en-contra-de-herrera\/","title":{"rendered":"La historia del pol\u00e9mico Twitter de Recoleta en contra de Herrera"},"content":{"rendered":"<figure id=\"attachment_6021\" aria-describedby=\"caption-attachment-6021\" style=\"width: 1100px\" class=\"wp-caption alignright\"><img loading=\"lazy\" decoding=\"async\" class=\"wp-image-6021 size-full\" src=\"http:\/\/www.rincondelbulla.cl\/portal\/wp-content\/uploads\/2014\/11\/johnny_herrera2.jpg\" alt=\"\" width=\"1100\" height=\"700\" srcset=\"http:\/\/www.rincondelbulla.cl\/portal\/wp-content\/uploads\/2014\/11\/johnny_herrera2.jpg 1100w, http:\/\/www.rincondelbulla.cl\/portal\/wp-content\/uploads\/2014\/11\/johnny_herrera2-300x191.jpg 300w, http:\/\/www.rincondelbulla.cl\/portal\/wp-content\/uploads\/2014\/11\/johnny_herrera2-768x489.jpg 768w, http:\/\/www.rincondelbulla.cl\/portal\/wp-content\/uploads\/2014\/11\/johnny_herrera2-696x443.jpg 696w, http:\/\/www.rincondelbulla.cl\/portal\/wp-content\/uploads\/2014\/11\/johnny_herrera2-1068x680.jpg 1068w, http:\/\/www.rincondelbulla.cl\/portal\/wp-content\/uploads\/2014\/11\/johnny_herrera2-660x420.jpg 660w\" sizes=\"auto, (max-width: 1100px) 100vw, 1100px\" \/><figcaption id=\"caption-attachment-6021\" class=\"wp-caption-text\">Foto: Claudio C\u00e1ceres<\/figcaption><\/figure>\n<p><strong>Mientras en Venezuela se\u00a0jugaba un crucial encuentro, en Chile un Comunity Manager se equivoc\u00f3 de cuenta y trataba de la peor forma a Johnny Herrera en el twitter\u00a0oficial de la Municipalidad de Recoleta.<\/strong><!--more--><\/p>\n<p>Si la responsabilidad fue o no del Samurai azul en el \u00fanico tanto de Venezuela, puede ser una discusi\u00f3n eterna y muy visceral. El fanatismo le jug\u00f3 una mala pasada al encargado de las comunicaciones y cuentas de las redes sociales de la Ilustre Municipalidad de Recoleta. En el twett el irracional comunicador le record\u00f3 su presente azul adem\u00e1s de violentos ep\u00edtetos para el Capit\u00e1n del \u201cRom\u00e1ntico Viajero\u201d<br \/>\n<img loading=\"lazy\" decoding=\"async\" class=\"size-full wp-image-9369 aligncenter\" src=\"http:\/\/www.rincondelbulla.cl\/portal\/wp-content\/uploads\/2016\/03\/Captura-de-pantalla-de-2016-03-30-114246.png\" alt=\"Captura de pantalla de 2016-03-30 11:42:46\" width=\"596\" height=\"245\" srcset=\"http:\/\/www.rincondelbulla.cl\/portal\/wp-content\/uploads\/2016\/03\/Captura-de-pantalla-de-2016-03-30-114246.png 596w, http:\/\/www.rincondelbulla.cl\/portal\/wp-content\/uploads\/2016\/03\/Captura-de-pantalla-de-2016-03-30-114246-300x123.png 300w\" sizes=\"auto, (max-width: 596px) 100vw, 596px\" \/><\/p>\n<p>El twett fue borrado a la brevedad, pero las redes sociales pueden jugar en contra, y en cosa de minutos todo el mundo estaba replicando la captura de pantalla del pol\u00e9mico comentario. El encargado del Twitter municipal no tuvo m\u00e1s que echar pie atr\u00e1s con un nuevo Tweett.<br \/>\n<img loading=\"lazy\" decoding=\"async\" class=\"size-full wp-image-9370 aligncenter\" src=\"http:\/\/www.rincondelbulla.cl\/portal\/wp-content\/uploads\/2016\/03\/Captura-de-pantalla-de-2016-03-30-114126.png\" alt=\"Captura de pantalla de 2016-03-30 11:41:26\" width=\"573\" height=\"195\" srcset=\"http:\/\/www.rincondelbulla.cl\/portal\/wp-content\/uploads\/2016\/03\/Captura-de-pantalla-de-2016-03-30-114126.png 573w, http:\/\/www.rincondelbulla.cl\/portal\/wp-content\/uploads\/2016\/03\/Captura-de-pantalla-de-2016-03-30-114126-300x102.png 300w\" sizes=\"auto, (max-width: 573px) 100vw, 573px\" \/><\/p>\n<p>La pelota sigui\u00f3 creciendo y fue el propio alcalde Daniel Jadue, quien a trav\u00e9s de la red social del pajarito sali\u00f3 a pedir disculpa a los azules y en especial a Herrera, adem\u00e1s de anunciar sanciones. Seguramente el sobre que recibir\u00e1 hoy el comunicador ser\u00e1 del color que no le gusta, azul.<img loading=\"lazy\" decoding=\"async\" class=\"size-full wp-image-9371 aligncenter\" src=\"http:\/\/www.rincondelbulla.cl\/portal\/wp-content\/uploads\/2016\/03\/Captura-de-pantalla-de-2016-03-30-114051.png\" alt=\"Captura de pantalla de 2016-03-30 11:40:51\" width=\"594\" height=\"199\" srcset=\"http:\/\/www.rincondelbulla.cl\/portal\/wp-content\/uploads\/2016\/03\/Captura-de-pantalla-de-2016-03-30-114051.png 594w, http:\/\/www.rincondelbulla.cl\/portal\/wp-content\/uploads\/2016\/03\/Captura-de-pantalla-de-2016-03-30-114051-300x101.png 300w\" sizes=\"auto, (max-width: 594px) 100vw, 594px\" \/><\/p>\n","protected":false},"excerpt":{"rendered":"<p>Mientras en Venezuela se\u00a0jugaba un crucial encuentro, en Chile un Comunity Manager se equivoc\u00f3 de cuenta y trataba de la peor forma a Johnny Herrera en el twitter\u00a0oficial de la Municipalidad de Recoleta.<\/p>\n","protected":false},"author":21381,"featured_media":6021,"comment_status":"closed","ping_status":"open","sticky":false,"template":"","format":"standard","meta":{"footnotes":""},"categories":[18],"tags":[454,226,484,91,230,53,458],"class_list":{"0":"post-9368","1":"post","2":"type-post","3":"status-publish","4":"format-standard","5":"has-post-thumbnail","7":"category-actualidad","8":"tag-actualidad","9":"tag-azules-en-la-roja","10":"tag-clasificatorias-rusia-2018","11":"tag-jhonny-herrera","12":"tag-la-roja","13":"tag-seleccion-chilena","14":"tag-twitter"},"_links":{"self":[{"href":"http:\/\/www.rincondelbulla.cl\/portal\/wp-json\/wp\/v2\/posts\/9368","targetHints":{"allow":["GET"]}}],"collection":[{"href":"http:\/\/www.rincondelbulla.cl\/portal\/wp-json\/wp\/v2\/posts"}],"about":[{"href":"http:\/\/www.rincondelbulla.cl\/portal\/wp-json\/wp\/v2\/types\/post"}],"author":[{"embeddable":true,"href":"http:\/\/www.rincondelbulla.cl\/portal\/wp-json\/wp\/v2\/users\/21381"}],"replies":[{"embeddable":true,"href":"http:\/\/www.rincondelbulla.cl\/portal\/wp-json\/wp\/v2\/comments?post=9368"}],"version-history":[{"count":6,"href":"http:\/\/www.rincondelbulla.cl\/portal\/wp-json\/wp\/v2\/posts\/9368\/revisions"}],"predecessor-version":[{"id":9385,"href":"http:\/\/www.rincondelbulla.cl\/portal\/wp-json\/wp\/v2\/posts\/9368\/revisions\/9385"}],"wp:featuredmedia":[{"embeddable":true,"href":"http:\/\/www.rincondelbulla.cl\/portal\/wp-json\/wp\/v2\/media\/6021"}],"wp:attachment":[{"href":"http:\/\/www.rincondelbulla.cl\/portal\/wp-json\/wp\/v2\/media?parent=9368"}],"wp:term":[{"taxonomy":"category","embeddable":true,"href":"http:\/\/www.rincondelbulla.cl\/portal\/wp-json\/wp\/v2\/categories?post=9368"},{"taxonomy":"post_tag","embeddable":true,"href":"http:\/\/www.rincondelbulla.cl\/portal\/wp-json\/wp\/v2\/tags?post=9368"}],"curies":[{"name":"wp","href":"https:\/\/api.w.org\/{rel}","templated":true}]}}