{"id":9374,"date":"2016-03-30T13:58:08","date_gmt":"2016-03-30T16:58:08","guid":{"rendered":"http:\/\/www.rincondelbulla.cl\/portal\/?p=9374"},"modified":"2016-03-30T17:15:23","modified_gmt":"2016-03-30T20:15:23","slug":"beccacece-recupera-a-lesionados","status":"publish","type":"post","link":"http:\/\/www.rincondelbulla.cl\/portal\/2016\/03\/30\/beccacece-recupera-a-lesionados\/","title":{"rendered":"Beccacece recupera a lesionados"},"content":{"rendered":"<figure id=\"attachment_7253\" aria-describedby=\"caption-attachment-7253\" style=\"width: 960px\" class=\"wp-caption alignnone\"><img loading=\"lazy\" decoding=\"async\" class=\"size-full wp-image-7253\" src=\"http:\/\/www.rincondelbulla.cl\/portal\/wp-content\/uploads\/2015\/05\/Guzm\u00e1n.jpg\" alt=\"Foto: Patricio Gonz\u00e1lez\" width=\"960\" height=\"640\" srcset=\"http:\/\/www.rincondelbulla.cl\/portal\/wp-content\/uploads\/2015\/05\/Guzm\u00e1n.jpg 960w, http:\/\/www.rincondelbulla.cl\/portal\/wp-content\/uploads\/2015\/05\/Guzm\u00e1n-300x200.jpg 300w, http:\/\/www.rincondelbulla.cl\/portal\/wp-content\/uploads\/2015\/05\/Guzm\u00e1n-768x512.jpg 768w, http:\/\/www.rincondelbulla.cl\/portal\/wp-content\/uploads\/2015\/05\/Guzm\u00e1n-696x464.jpg 696w, http:\/\/www.rincondelbulla.cl\/portal\/wp-content\/uploads\/2015\/05\/Guzm\u00e1n-630x420.jpg 630w\" sizes=\"auto, (max-width: 960px) 100vw, 960px\" \/><figcaption id=\"caption-attachment-7253\" class=\"wp-caption-text\">Foto: Patricio Gonz\u00e1lez<\/figcaption><\/figure>\n<p><strong>Por fin hay buenas\u00a0noticias para Sebastian Beccacece y es que dos hombres de jerarqu\u00eda ya est\u00e1n a disposici\u00f3n del cuerpo t\u00e9cnico y podr\u00edan ser utilizados el s\u00e1bado en el encuentro frente a Santiago Wanderers en Valpara\u00edso.<\/strong><!--more--><br \/>\n<img loading=\"lazy\" decoding=\"async\" class=\"size-full wp-image-9375 aligncenter\" src=\"http:\/\/www.rincondelbulla.cl\/portal\/wp-content\/uploads\/2016\/03\/Captura-de-pantalla-de-2016-03-30-134609.png\" alt=\"Captura de pantalla de 2016-03-30 13:46:09\" width=\"589\" height=\"115\" srcset=\"http:\/\/www.rincondelbulla.cl\/portal\/wp-content\/uploads\/2016\/03\/Captura-de-pantalla-de-2016-03-30-134609.png 589w, http:\/\/www.rincondelbulla.cl\/portal\/wp-content\/uploads\/2016\/03\/Captura-de-pantalla-de-2016-03-30-134609-300x59.png 300w\" sizes=\"auto, (max-width: 589px) 100vw, 589px\" \/><\/p>\n<p>Tal como lo anunci\u00f3 en las redes sociales el uruguayo Guzm\u00e1n Pereira ya se encuentra a entera disposici\u00f3n del cuerpo t\u00e9cnico al igual que Patricio Rubio, ambos jugadores recibieron el alta m\u00e9dica y podr\u00edan ser utilizados el fin de semana frente a los \u201cCaturros\u201d en el puerto de Valpara\u00edso.<br \/>\n<img loading=\"lazy\" decoding=\"async\" class=\"size-full wp-image-9376 aligncenter\" src=\"http:\/\/www.rincondelbulla.cl\/portal\/wp-content\/uploads\/2016\/03\/Captura-de-pantalla-de-2016-03-30-134542.png\" alt=\"Captura de pantalla de 2016-03-30 13:45:42\" width=\"933\" height=\"373\" srcset=\"http:\/\/www.rincondelbulla.cl\/portal\/wp-content\/uploads\/2016\/03\/Captura-de-pantalla-de-2016-03-30-134542.png 933w, http:\/\/www.rincondelbulla.cl\/portal\/wp-content\/uploads\/2016\/03\/Captura-de-pantalla-de-2016-03-30-134542-300x120.png 300w, http:\/\/www.rincondelbulla.cl\/portal\/wp-content\/uploads\/2016\/03\/Captura-de-pantalla-de-2016-03-30-134542-768x307.png 768w, http:\/\/www.rincondelbulla.cl\/portal\/wp-content\/uploads\/2016\/03\/Captura-de-pantalla-de-2016-03-30-134542-696x278.png 696w\" sizes=\"auto, (max-width: 933px) 100vw, 933px\" \/><\/p>\n","protected":false},"excerpt":{"rendered":"<p>Por fin hay buenas\u00a0noticias para Sebastian Beccacece y es que dos hombres de jerarqu\u00eda ya est\u00e1n a disposici\u00f3n del cuerpo t\u00e9cnico y podr\u00edan ser utilizados el s\u00e1bado en el encuentro frente a Santiago Wanderers en Valpara\u00edso.<\/p>\n","protected":false},"author":21381,"featured_media":7253,"comment_status":"closed","ping_status":"open","sticky":false,"template":"","format":"standard","meta":{"footnotes":""},"categories":[18],"tags":[454,513,248,349],"class_list":{"0":"post-9374","1":"post","2":"type-post","3":"status-publish","4":"format-standard","5":"has-post-thumbnail","7":"category-actualidad","8":"tag-actualidad","9":"tag-clausura-2015-2016","10":"tag-guzman-pereria","11":"tag-patricio-rubio"},"_links":{"self":[{"href":"http:\/\/www.rincondelbulla.cl\/portal\/wp-json\/wp\/v2\/posts\/9374","targetHints":{"allow":["GET"]}}],"collection":[{"href":"http:\/\/www.rincondelbulla.cl\/portal\/wp-json\/wp\/v2\/posts"}],"about":[{"href":"http:\/\/www.rincondelbulla.cl\/portal\/wp-json\/wp\/v2\/types\/post"}],"author":[{"embeddable":true,"href":"http:\/\/www.rincondelbulla.cl\/portal\/wp-json\/wp\/v2\/users\/21381"}],"replies":[{"embeddable":true,"href":"http:\/\/www.rincondelbulla.cl\/portal\/wp-json\/wp\/v2\/comments?post=9374"}],"version-history":[{"count":4,"href":"http:\/\/www.rincondelbulla.cl\/portal\/wp-json\/wp\/v2\/posts\/9374\/revisions"}],"predecessor-version":[{"id":9386,"href":"http:\/\/www.rincondelbulla.cl\/portal\/wp-json\/wp\/v2\/posts\/9374\/revisions\/9386"}],"wp:featuredmedia":[{"embeddable":true,"href":"http:\/\/www.rincondelbulla.cl\/portal\/wp-json\/wp\/v2\/media\/7253"}],"wp:attachment":[{"href":"http:\/\/www.rincondelbulla.cl\/portal\/wp-json\/wp\/v2\/media?parent=9374"}],"wp:term":[{"taxonomy":"category","embeddable":true,"href":"http:\/\/www.rincondelbulla.cl\/portal\/wp-json\/wp\/v2\/categories?post=9374"},{"taxonomy":"post_tag","embeddable":true,"href":"http:\/\/www.rincondelbulla.cl\/portal\/wp-json\/wp\/v2\/tags?post=9374"}],"curies":[{"name":"wp","href":"https:\/\/api.w.org\/{rel}","templated":true}]}}