{"id":9395,"date":"2016-03-31T23:07:24","date_gmt":"2016-04-01T02:07:24","guid":{"rendered":"http:\/\/www.rincondelbulla.cl\/portal\/?p=9395"},"modified":"2016-04-05T16:52:40","modified_gmt":"2016-04-05T19:52:40","slug":"gonzalo-espinoza-le-abre-las-puertas-a-pinilla-seria-bueno-que-viniera","status":"publish","type":"post","link":"http:\/\/www.rincondelbulla.cl\/portal\/2016\/03\/31\/gonzalo-espinoza-le-abre-las-puertas-a-pinilla-seria-bueno-que-viniera\/","title":{"rendered":"Gonzalo Espinoza le abre las puertas a Pinilla: A la gente le encantar\u00eda y a nosotros tambi\u00e9n"},"content":{"rendered":"<p><strong>Este jueves en el CDA habl\u00f3 Gonzalo Espinoza. Con miras al pr\u00f3ximo duelo de la U frente a Wanderers, el mediocampista analiz\u00f3 el pasar del equipo, de la Selecci\u00f3n y m\u00e1s.<\/strong><!--more--><\/p>\n<p><strong>Wanderers:<\/strong> Viene bien, tiene jugadores interesantes. Vamos de visita, ellos se hacen fuertes y sabemos que va a ser un partido dif\u00edcil, pero estamos preparados para enfrentar el partido.<\/p>\n<p><strong>El descenso: <\/strong>Uno trata de no mirarla, pero siempre est\u00e1 pendiente. Est\u00e1s en un equipo grande, que es la U, y hay que pensar hacia arriba.<\/p>\n<p><strong>La liguilla: <\/strong>El campeonato ya fue y nuestro objetivo ahora es entrar a la liguilla. Nos vamos a enfocar en eso e intentaremos hacerlo de la mejor manera.<\/p>\n<p><strong>El regreso del Rey Le\u00f3n: <\/strong>Es un referente de la selecci\u00f3n, siempre ha respondido. Cuando estuvo ac\u00e1 fue \u00eddolo, ha hecho goles en los clubes en que ha estado. Ser\u00eda bueno que viniera. A la gente le encantar\u00eda y a nosotros tambi\u00e9n, que nos venga a mostrar su experiencia y ense\u00f1arnos cosas.<\/p>\n<p>Cabe destacar que la Universidad de Chile recupera para el pr\u00f3ximo s\u00e1bado a las 12:30 frente a Wanderers, a Patricio Rubio y Guzm\u00e1n Pereira, quienes podr\u00edan ver minutos luego de sus lesiones.<\/p>\n","protected":false},"excerpt":{"rendered":"<p>Este jueves en el CDA habl\u00f3 Gonzalo Espinoza. Con miras al pr\u00f3ximo duelo de la U frente a Wanderers, el mediocampista analiz\u00f3 el pasar del equipo, de la Selecci\u00f3n y m\u00e1s.<\/p>\n","protected":false},"author":21383,"featured_media":9400,"comment_status":"closed","ping_status":"open","sticky":false,"template":"","format":"video","meta":{"footnotes":""},"categories":[18],"tags":[454,513,209,261,631,157],"class_list":{"0":"post-9395","1":"post","2":"type-post","3":"status-publish","4":"format-video","5":"has-post-thumbnail","7":"category-actualidad","8":"tag-actualidad","9":"tag-clausura-2015-2016","10":"tag-conferencia-de-prensa","11":"tag-gonzalo-espinoza","12":"tag-mauricio-pinilla","13":"tag-portada","14":"post_format-post-format-video"},"_links":{"self":[{"href":"http:\/\/www.rincondelbulla.cl\/portal\/wp-json\/wp\/v2\/posts\/9395","targetHints":{"allow":["GET"]}}],"collection":[{"href":"http:\/\/www.rincondelbulla.cl\/portal\/wp-json\/wp\/v2\/posts"}],"about":[{"href":"http:\/\/www.rincondelbulla.cl\/portal\/wp-json\/wp\/v2\/types\/post"}],"author":[{"embeddable":true,"href":"http:\/\/www.rincondelbulla.cl\/portal\/wp-json\/wp\/v2\/users\/21383"}],"replies":[{"embeddable":true,"href":"http:\/\/www.rincondelbulla.cl\/portal\/wp-json\/wp\/v2\/comments?post=9395"}],"version-history":[{"count":5,"href":"http:\/\/www.rincondelbulla.cl\/portal\/wp-json\/wp\/v2\/posts\/9395\/revisions"}],"predecessor-version":[{"id":9418,"href":"http:\/\/www.rincondelbulla.cl\/portal\/wp-json\/wp\/v2\/posts\/9395\/revisions\/9418"}],"wp:featuredmedia":[{"embeddable":true,"href":"http:\/\/www.rincondelbulla.cl\/portal\/wp-json\/wp\/v2\/media\/9400"}],"wp:attachment":[{"href":"http:\/\/www.rincondelbulla.cl\/portal\/wp-json\/wp\/v2\/media?parent=9395"}],"wp:term":[{"taxonomy":"category","embeddable":true,"href":"http:\/\/www.rincondelbulla.cl\/portal\/wp-json\/wp\/v2\/categories?post=9395"},{"taxonomy":"post_tag","embeddable":true,"href":"http:\/\/www.rincondelbulla.cl\/portal\/wp-json\/wp\/v2\/tags?post=9395"}],"curies":[{"name":"wp","href":"https:\/\/api.w.org\/{rel}","templated":true}]}}