{"id":9402,"date":"2016-04-01T19:45:54","date_gmt":"2016-04-01T22:45:54","guid":{"rendered":"http:\/\/www.rincondelbulla.cl\/portal\/?p=9402"},"modified":"2016-04-05T16:53:36","modified_gmt":"2016-04-05T19:53:36","slug":"cinco-azules-no-estarian-en-los-planes-de-becca","status":"publish","type":"post","link":"http:\/\/www.rincondelbulla.cl\/portal\/2016\/04\/01\/cinco-azules-no-estarian-en-los-planes-de-becca\/","title":{"rendered":"Cinco azules no estar\u00edan en los planes de Beccacece"},"content":{"rendered":"<figure id=\"attachment_8255\" aria-describedby=\"caption-attachment-8255\" style=\"width: 787px\" class=\"wp-caption alignnone\"><img loading=\"lazy\" decoding=\"async\" class=\"size-full wp-image-8255\" src=\"http:\/\/www.rincondelbulla.cl\/portal\/wp-content\/uploads\/2016\/02\/Previa.jpeg\" alt=\"Foto: Claudio C\u00e1ceres\" width=\"787\" height=\"525\" srcset=\"http:\/\/www.rincondelbulla.cl\/portal\/wp-content\/uploads\/2016\/02\/Previa.jpeg 787w, http:\/\/www.rincondelbulla.cl\/portal\/wp-content\/uploads\/2016\/02\/Previa-300x200.jpeg 300w, http:\/\/www.rincondelbulla.cl\/portal\/wp-content\/uploads\/2016\/02\/Previa-768x512.jpeg 768w, http:\/\/www.rincondelbulla.cl\/portal\/wp-content\/uploads\/2016\/02\/Previa-696x464.jpeg 696w, http:\/\/www.rincondelbulla.cl\/portal\/wp-content\/uploads\/2016\/02\/Previa-630x420.jpeg 630w\" sizes=\"auto, (max-width: 787px) 100vw, 787px\" \/><figcaption id=\"caption-attachment-8255\" class=\"wp-caption-text\">Foto: Claudio C\u00e1ceres<\/figcaption><\/figure>\n<p><strong>El t\u00e9cnico de Universidad de Chile, Sebasti\u00e1n Beccacece, har\u00eda una limpieza en el camar\u00edn azul y ya tendr\u00eda los nombres de los jugadores que no seguir\u00e1n en el plantel durante la pr\u00f3xima temporada.<\/strong><!--more--><\/p>\n<p>Debido a la mala campa\u00f1a que ha tenido la \u201cU\u201d, que lo tiene en el noveno lugar de la tabla de posiciones, el rosarino tendr\u00eda el permiso de la dirigencia azul para formar el plantel a su gusto, por lo que Beccacece habr\u00eda dado los nombres de los \u201ccortados\u201d para el pr\u00f3ximo Torneo de Apertura.<\/p>\n<p>Los jugadores que no seguir\u00edan en el club azul ser\u00edan cinco: Patricio Rubio, Guzm\u00e1n Pereira, Leonardo Valencia, Benjam\u00edn Vidal y Luis Fari\u00f1a, seg\u00fan inform\u00f3 el Diario La Tercera.<\/p>\n<p>\u201cLe vamos a dar la opci\u00f3n de armar su propio plantel y eso incluye que saque a los jugadores que no le gustan, aunque siempre teniendo en cuenta que la billetera no es infinita\u201d, se\u00f1alaron desde la dirigencia de Universidad de Chile.<\/p>\n<p>La situaci\u00f3n con tres de los \u201ccortados\u201d es m\u00e1s sencilla, debido a que Rubio, Fari\u00f1a y Valencia finalizan el contrato de pr\u00e9stamo y no ser\u00edan renovados. Mientras que Pereira y Vidal tienen contrato vigente, sin embargo, la dirigencia de la U buscar\u00e1 una salida.<\/p>\n","protected":false},"excerpt":{"rendered":"<p>El t\u00e9cnico de Universidad de Chile, Sebasti\u00e1n Beccacece, har\u00eda una limpieza en el camar\u00edn azul y ya tendr\u00eda los nombres de los jugadores que no seguir\u00e1n en el plantel durante la pr\u00f3xima temporada.<\/p>\n","protected":false},"author":21385,"featured_media":8255,"comment_status":"closed","ping_status":"open","sticky":false,"template":"","format":"standard","meta":{"footnotes":""},"categories":[18],"tags":[454,513,114],"class_list":{"0":"post-9402","1":"post","2":"type-post","3":"status-publish","4":"format-standard","5":"has-post-thumbnail","7":"category-actualidad","8":"tag-actualidad","9":"tag-clausura-2015-2016","10":"tag-sebastian-becaccece"},"_links":{"self":[{"href":"http:\/\/www.rincondelbulla.cl\/portal\/wp-json\/wp\/v2\/posts\/9402","targetHints":{"allow":["GET"]}}],"collection":[{"href":"http:\/\/www.rincondelbulla.cl\/portal\/wp-json\/wp\/v2\/posts"}],"about":[{"href":"http:\/\/www.rincondelbulla.cl\/portal\/wp-json\/wp\/v2\/types\/post"}],"author":[{"embeddable":true,"href":"http:\/\/www.rincondelbulla.cl\/portal\/wp-json\/wp\/v2\/users\/21385"}],"replies":[{"embeddable":true,"href":"http:\/\/www.rincondelbulla.cl\/portal\/wp-json\/wp\/v2\/comments?post=9402"}],"version-history":[{"count":2,"href":"http:\/\/www.rincondelbulla.cl\/portal\/wp-json\/wp\/v2\/posts\/9402\/revisions"}],"predecessor-version":[{"id":9419,"href":"http:\/\/www.rincondelbulla.cl\/portal\/wp-json\/wp\/v2\/posts\/9402\/revisions\/9419"}],"wp:featuredmedia":[{"embeddable":true,"href":"http:\/\/www.rincondelbulla.cl\/portal\/wp-json\/wp\/v2\/media\/8255"}],"wp:attachment":[{"href":"http:\/\/www.rincondelbulla.cl\/portal\/wp-json\/wp\/v2\/media?parent=9402"}],"wp:term":[{"taxonomy":"category","embeddable":true,"href":"http:\/\/www.rincondelbulla.cl\/portal\/wp-json\/wp\/v2\/categories?post=9402"},{"taxonomy":"post_tag","embeddable":true,"href":"http:\/\/www.rincondelbulla.cl\/portal\/wp-json\/wp\/v2\/tags?post=9402"}],"curies":[{"name":"wp","href":"https:\/\/api.w.org\/{rel}","templated":true}]}}