{"id":9445,"date":"2016-04-07T13:33:39","date_gmt":"2016-04-07T16:33:39","guid":{"rendered":"http:\/\/www.rincondelbulla.cl\/portal\/?p=9445"},"modified":"2016-04-07T15:33:44","modified_gmt":"2016-04-07T18:33:44","slug":"johnny-herrera-da-la-cara-por-el-plantel-y-sale-a-hablar-con-hinchas-del-banderazo","status":"publish","type":"post","link":"http:\/\/www.rincondelbulla.cl\/portal\/2016\/04\/07\/johnny-herrera-da-la-cara-por-el-plantel-y-sale-a-hablar-con-hinchas-del-banderazo\/","title":{"rendered":"Johnny Herrera da la cara por el plantel y sale a hablar con hinchas del \u201cBanderazo\u201d"},"content":{"rendered":"<figure id=\"attachment_9447\" aria-describedby=\"caption-attachment-9447\" style=\"width: 700px\" class=\"wp-caption aligncenter\"><img loading=\"lazy\" decoding=\"async\" class=\"wp-image-9447\" src=\"http:\/\/www.rincondelbulla.cl\/portal\/wp-content\/uploads\/2016\/04\/Johnny-Herrera-Hinchas.jpg\" alt=\"Fotograf\u00eda: ADN Radio Chile\" width=\"700\" height=\"525\" srcset=\"http:\/\/www.rincondelbulla.cl\/portal\/wp-content\/uploads\/2016\/04\/Johnny-Herrera-Hinchas.jpg 340w, http:\/\/www.rincondelbulla.cl\/portal\/wp-content\/uploads\/2016\/04\/Johnny-Herrera-Hinchas-300x225.jpg 300w, http:\/\/www.rincondelbulla.cl\/portal\/wp-content\/uploads\/2016\/04\/Johnny-Herrera-Hinchas-80x60.jpg 80w, http:\/\/www.rincondelbulla.cl\/portal\/wp-content\/uploads\/2016\/04\/Johnny-Herrera-Hinchas-265x198.jpg 265w\" sizes=\"auto, (max-width: 700px) 100vw, 700px\" \/><figcaption id=\"caption-attachment-9447\" class=\"wp-caption-text\">Fotograf\u00eda: ADN Radio Chile<\/figcaption><\/figure>\n<p><strong>El capit\u00e1n azul comparti\u00f3 con los fan\u00e1ticos presentes a las afueras del CDA. Les agradeci\u00f3 el apoyo y se refiri\u00f3 a los cinco marginados tras el pol\u00e9mico asado de cumplea\u00f1os de Gonzalo Espinoza.<\/strong><\/p>\n<p><!--more--><\/p>\n<p>Fiel a su estilo frontal, Johnny Herrera lleg\u00f3 a las afueras del centro Deportivo Azul, lugar donde un numeroso grupo de hinchas llegaron para entregar un \u201cBanderazo\u201d de apoyo a los jugadores, tras el episodio de indisciplina dado a\u00a0 conocer ayer y que termin\u00f3 con cinco jugadores separados del plantel. El meta les agradeci\u00f3 el apoyo y de paso coment\u00f3 escuetamente los hechos acontecidos las \u00faltimas horas.<\/p>\n<p>Herrera asegur\u00f3 que <strong>\u00abhay momentos y momentos. Como se dice en buen chileno, <em>a todos nos gusta el hueveo<\/em>, pero hay momentos y momentos\u00bb<\/strong>. Agreg\u00f3 adem\u00e1s que <strong>\u00ablo que queda es tratar de ganar estos cuatro partidos por los que quieren estar. Comprometerse con el club nada m\u00e1s. No es nada del otro mundo\u201d.<\/strong><\/p>\n<p><iframe loading=\"lazy\" src=\"http:\/\/www.cooperativa.cl\/noticias\/js-local\/jwplayer7\/7.2.2\/embed\/?src=multimedia_audio120160407141715.mp3&amp;img=foto_0000000220160407141715.jpg&amp;tipo=audio\" width=\"100%\" height=\"360\" frameborder=\"0\" allowfullscreen=\"allowfullscreen\"><\/iframe><\/p>\n","protected":false},"excerpt":{"rendered":"<p>El capit\u00e1n azul comparti\u00f3 con los fan\u00e1ticos presentes a las afueras del CDA. Les agradeci\u00f3 el apoyo y se refiri\u00f3 a los cinco marginados tras el pol\u00e9mico asado de cumplea\u00f1os de Gonzalo Espinoza.<\/p>\n","protected":false},"author":21382,"featured_media":8949,"comment_status":"closed","ping_status":"open","sticky":false,"template":"","format":"standard","meta":{"footnotes":""},"categories":[18],"tags":[454,73,261,707,41,157,569,294,156],"class_list":{"0":"post-9445","1":"post","2":"type-post","3":"status-publish","4":"format-standard","5":"has-post-thumbnail","7":"category-actualidad","8":"tag-actualidad","9":"tag-banderazo","10":"tag-gonzalo-espinoza","11":"tag-indisciplina","12":"tag-johnny-herrera","13":"tag-portada","14":"tag-samurai-azul","15":"tag-u-de-chile","16":"tag-universidad-de-chile"},"_links":{"self":[{"href":"http:\/\/www.rincondelbulla.cl\/portal\/wp-json\/wp\/v2\/posts\/9445","targetHints":{"allow":["GET"]}}],"collection":[{"href":"http:\/\/www.rincondelbulla.cl\/portal\/wp-json\/wp\/v2\/posts"}],"about":[{"href":"http:\/\/www.rincondelbulla.cl\/portal\/wp-json\/wp\/v2\/types\/post"}],"author":[{"embeddable":true,"href":"http:\/\/www.rincondelbulla.cl\/portal\/wp-json\/wp\/v2\/users\/21382"}],"replies":[{"embeddable":true,"href":"http:\/\/www.rincondelbulla.cl\/portal\/wp-json\/wp\/v2\/comments?post=9445"}],"version-history":[{"count":9,"href":"http:\/\/www.rincondelbulla.cl\/portal\/wp-json\/wp\/v2\/posts\/9445\/revisions"}],"predecessor-version":[{"id":9456,"href":"http:\/\/www.rincondelbulla.cl\/portal\/wp-json\/wp\/v2\/posts\/9445\/revisions\/9456"}],"wp:featuredmedia":[{"embeddable":true,"href":"http:\/\/www.rincondelbulla.cl\/portal\/wp-json\/wp\/v2\/media\/8949"}],"wp:attachment":[{"href":"http:\/\/www.rincondelbulla.cl\/portal\/wp-json\/wp\/v2\/media?parent=9445"}],"wp:term":[{"taxonomy":"category","embeddable":true,"href":"http:\/\/www.rincondelbulla.cl\/portal\/wp-json\/wp\/v2\/categories?post=9445"},{"taxonomy":"post_tag","embeddable":true,"href":"http:\/\/www.rincondelbulla.cl\/portal\/wp-json\/wp\/v2\/tags?post=9445"}],"curies":[{"name":"wp","href":"https:\/\/api.w.org\/{rel}","templated":true}]}}