{"id":9465,"date":"2016-04-07T22:13:55","date_gmt":"2016-04-08T01:13:55","guid":{"rendered":"http:\/\/www.rincondelbulla.cl\/portal\/?p=9465"},"modified":"2016-04-07T22:28:58","modified_gmt":"2016-04-08T01:28:58","slug":"la-hinchada-fiel-que-nunca-abandona","status":"publish","type":"post","link":"http:\/\/www.rincondelbulla.cl\/portal\/2016\/04\/07\/la-hinchada-fiel-que-nunca-abandona\/","title":{"rendered":"\u00a1La hinchada fiel que nunca abandona!"},"content":{"rendered":"<p><img loading=\"lazy\" decoding=\"async\" class=\"aligncenter size-full wp-image-9148\" src=\"http:\/\/www.rincondelbulla.cl\/portal\/wp-content\/uploads\/2016\/03\/Hinchada-banderazo.jpg\" alt=\"Hinchada-banderazo\" width=\"1100\" height=\"733\" srcset=\"http:\/\/www.rincondelbulla.cl\/portal\/wp-content\/uploads\/2016\/03\/Hinchada-banderazo.jpg 1100w, http:\/\/www.rincondelbulla.cl\/portal\/wp-content\/uploads\/2016\/03\/Hinchada-banderazo-300x200.jpg 300w, http:\/\/www.rincondelbulla.cl\/portal\/wp-content\/uploads\/2016\/03\/Hinchada-banderazo-768x512.jpg 768w, http:\/\/www.rincondelbulla.cl\/portal\/wp-content\/uploads\/2016\/03\/Hinchada-banderazo-696x464.jpg 696w, http:\/\/www.rincondelbulla.cl\/portal\/wp-content\/uploads\/2016\/03\/Hinchada-banderazo-1068x712.jpg 1068w, http:\/\/www.rincondelbulla.cl\/portal\/wp-content\/uploads\/2016\/03\/Hinchada-banderazo-630x420.jpg 630w\" sizes=\"auto, (max-width: 1100px) 100vw, 1100px\" \/><\/p>\n<p><strong>En v\u00edsperas del choque entre \u00ableones\u00bb y \u00abdragones\u00bb de este d\u00eda viernes, los hinchas azules nuevamente no fallan. Las entradas para el sector de galer\u00eda ten\u00edan que ser retiradas hoy, a m\u00e1s tardar a las 20:00 horas.<\/strong><!--more--><\/p>\n<p>Se sabe que el equipo no pasa por su mejor momento futbol\u00edstico ni disciplinario, pero poco le importa esto a la hinchada m\u00e1s fiel del pa\u00eds. Luego de que el club anunciara un\u00a02&#215;1 en todas las entradas, la fiebre creci\u00f3 para el partido de ma\u00f1ana, por lo mismo el retiro de entradas fue multitudinario.<\/p>\n<p><img loading=\"lazy\" decoding=\"async\" class=\"aligncenter size-full wp-image-9467\" src=\"http:\/\/www.rincondelbulla.cl\/portal\/wp-content\/uploads\/2016\/04\/fila2-e1460077218223.jpg\" alt=\"fila2\" width=\"960\" height=\"720\" srcset=\"http:\/\/www.rincondelbulla.cl\/portal\/wp-content\/uploads\/2016\/04\/fila2-e1460077218223.jpg 960w, http:\/\/www.rincondelbulla.cl\/portal\/wp-content\/uploads\/2016\/04\/fila2-e1460077218223-300x225.jpg 300w, http:\/\/www.rincondelbulla.cl\/portal\/wp-content\/uploads\/2016\/04\/fila2-e1460077218223-768x576.jpg 768w, http:\/\/www.rincondelbulla.cl\/portal\/wp-content\/uploads\/2016\/04\/fila2-e1460077218223-80x60.jpg 80w, http:\/\/www.rincondelbulla.cl\/portal\/wp-content\/uploads\/2016\/04\/fila2-e1460077218223-265x198.jpg 265w, http:\/\/www.rincondelbulla.cl\/portal\/wp-content\/uploads\/2016\/04\/fila2-e1460077218223-696x522.jpg 696w, http:\/\/www.rincondelbulla.cl\/portal\/wp-content\/uploads\/2016\/04\/fila2-e1460077218223-560x420.jpg 560w\" sizes=\"auto, (max-width: 960px) 100vw, 960px\" \/><\/p>\n<p>Filas y m\u00e1s filas fue lo que se presenci\u00f3 hoy en el coliseo \u00f1u\u00f1oino. El p\u00fablico se abarrot\u00f3 a \u00faltima hora para poder ir a retirar sus tickets, estos correspond\u00edan solamente a localidades de galer\u00eda, tanto norte como sur.<\/p>\n<figure id=\"attachment_9466\" aria-describedby=\"caption-attachment-9466\" style=\"width: 720px\" class=\"wp-caption aligncenter\"><img loading=\"lazy\" decoding=\"async\" class=\"size-full wp-image-9466\" src=\"http:\/\/www.rincondelbulla.cl\/portal\/wp-content\/uploads\/2016\/04\/fila.jpg\" alt=\"Foto: Actualidad azul\" width=\"720\" height=\"960\" srcset=\"http:\/\/www.rincondelbulla.cl\/portal\/wp-content\/uploads\/2016\/04\/fila.jpg 720w, http:\/\/www.rincondelbulla.cl\/portal\/wp-content\/uploads\/2016\/04\/fila-225x300.jpg 225w, http:\/\/www.rincondelbulla.cl\/portal\/wp-content\/uploads\/2016\/04\/fila-696x928.jpg 696w, http:\/\/www.rincondelbulla.cl\/portal\/wp-content\/uploads\/2016\/04\/fila-315x420.jpg 315w\" sizes=\"auto, (max-width: 720px) 100vw, 720px\" \/><figcaption id=\"caption-attachment-9466\" class=\"wp-caption-text\">Foto: Actualidad azul<\/figcaption><\/figure>\n<p>Por esta raz\u00f3n se espera que la \u00abU\u00bb salga a disputar el partido con el apoyo incondicional de su fiel hinchada.<\/p>\n<p>Vamos la \u00abU\u00bb!!!!<\/p>\n<p>&nbsp;<\/p>\n","protected":false},"excerpt":{"rendered":"<p>En v\u00edsperas del choque entre \u00ableones\u00bb y \u00abdragones\u00bb de este d\u00eda viernes, los hinchas azules nuevamente no fallan. Las entradas para el sector de galer\u00eda ten\u00edan que ser retiradas hoy, a m\u00e1s tardar a las 20:00 horas.<\/p>\n","protected":false},"author":21386,"featured_media":9148,"comment_status":"closed","ping_status":"open","sticky":false,"template":"","format":"standard","meta":{"footnotes":""},"categories":[18],"tags":[454,513,37,102,157,156],"class_list":{"0":"post-9465","1":"post","2":"type-post","3":"status-publish","4":"format-standard","5":"has-post-thumbnail","7":"category-actualidad","8":"tag-actualidad","9":"tag-clausura-2015-2016","10":"tag-la-previa","11":"tag-los-de-abajo","12":"tag-portada","13":"tag-universidad-de-chile"},"_links":{"self":[{"href":"http:\/\/www.rincondelbulla.cl\/portal\/wp-json\/wp\/v2\/posts\/9465","targetHints":{"allow":["GET"]}}],"collection":[{"href":"http:\/\/www.rincondelbulla.cl\/portal\/wp-json\/wp\/v2\/posts"}],"about":[{"href":"http:\/\/www.rincondelbulla.cl\/portal\/wp-json\/wp\/v2\/types\/post"}],"author":[{"embeddable":true,"href":"http:\/\/www.rincondelbulla.cl\/portal\/wp-json\/wp\/v2\/users\/21386"}],"replies":[{"embeddable":true,"href":"http:\/\/www.rincondelbulla.cl\/portal\/wp-json\/wp\/v2\/comments?post=9465"}],"version-history":[{"count":5,"href":"http:\/\/www.rincondelbulla.cl\/portal\/wp-json\/wp\/v2\/posts\/9465\/revisions"}],"predecessor-version":[{"id":9473,"href":"http:\/\/www.rincondelbulla.cl\/portal\/wp-json\/wp\/v2\/posts\/9465\/revisions\/9473"}],"wp:featuredmedia":[{"embeddable":true,"href":"http:\/\/www.rincondelbulla.cl\/portal\/wp-json\/wp\/v2\/media\/9148"}],"wp:attachment":[{"href":"http:\/\/www.rincondelbulla.cl\/portal\/wp-json\/wp\/v2\/media?parent=9465"}],"wp:term":[{"taxonomy":"category","embeddable":true,"href":"http:\/\/www.rincondelbulla.cl\/portal\/wp-json\/wp\/v2\/categories?post=9465"},{"taxonomy":"post_tag","embeddable":true,"href":"http:\/\/www.rincondelbulla.cl\/portal\/wp-json\/wp\/v2\/tags?post=9465"}],"curies":[{"name":"wp","href":"https:\/\/api.w.org\/{rel}","templated":true}]}}