{"id":9475,"date":"2016-04-09T12:49:59","date_gmt":"2016-04-09T15:49:59","guid":{"rendered":"http:\/\/www.rincondelbulla.cl\/portal\/?p=9475"},"modified":"2016-04-09T12:49:59","modified_gmt":"2016-04-09T15:49:59","slug":"la-trastienda-del-triunfo-azul-pudimos-dar-una-alegria-a-la-gente-se-lo-merecen","status":"publish","type":"post","link":"http:\/\/www.rincondelbulla.cl\/portal\/2016\/04\/09\/la-trastienda-del-triunfo-azul-pudimos-dar-una-alegria-a-la-gente-se-lo-merecen\/","title":{"rendered":"La trastienda del triunfo azul: \u201cPudimos dar una alegr\u00eda a la gente, se lo merecen\u201d"},"content":{"rendered":"<figure id=\"attachment_9479\" aria-describedby=\"caption-attachment-9479\" style=\"width: 960px\" class=\"wp-caption alignnone\"><img loading=\"lazy\" decoding=\"async\" class=\"size-full wp-image-9479\" src=\"http:\/\/www.rincondelbulla.cl\/portal\/wp-content\/uploads\/2016\/04\/Sebastian-Beccacece.jpg\" alt=\"El DT agradeci\u00f3 la uni\u00f3n de grupo y el gesto que los jugadores tuvieron con \u00e9l. Asegur\u00f3 que el objetivo es llegar a ala liguilla de Copa Sudamericana. Foto: Claudio C\u00e1ceres\" width=\"960\" height=\"640\" srcset=\"http:\/\/www.rincondelbulla.cl\/portal\/wp-content\/uploads\/2016\/04\/Sebastian-Beccacece.jpg 960w, http:\/\/www.rincondelbulla.cl\/portal\/wp-content\/uploads\/2016\/04\/Sebastian-Beccacece-300x200.jpg 300w, http:\/\/www.rincondelbulla.cl\/portal\/wp-content\/uploads\/2016\/04\/Sebastian-Beccacece-768x512.jpg 768w, http:\/\/www.rincondelbulla.cl\/portal\/wp-content\/uploads\/2016\/04\/Sebastian-Beccacece-696x464.jpg 696w, http:\/\/www.rincondelbulla.cl\/portal\/wp-content\/uploads\/2016\/04\/Sebastian-Beccacece-630x420.jpg 630w\" sizes=\"auto, (max-width: 960px) 100vw, 960px\" \/><figcaption id=\"caption-attachment-9479\" class=\"wp-caption-text\">El DT agradeci\u00f3 la uni\u00f3n de grupo y el gesto que los jugadores tuvieron con \u00e9l. Asegur\u00f3 que el objetivo es llegar a ala liguilla de Copa Sudamericana. Foto: Claudio C\u00e1ceres<\/figcaption><\/figure>\n<p><strong>La vuelta a los abrazos fue tomada con alegr\u00eda y mesura en el camar\u00edn azul. Hablan de las \u201cfinales\u201d que quedan por delante y la ilusi\u00f3n de llegar a la liguilla por Copa Sudamericana. La uni\u00f3n de grupo y el apoyo de la gente fue destacada por todos.<\/strong><!--more--><\/p>\n<p>No hab\u00eda sido una semana tranquila y Sebasti\u00e1n Beccacece lo sab\u00eda, por eso el triunfo 2-1 ante Deportes Iquique puede ser tomado como una \u201ctanque de ox\u00edgeno\u201d para lo que hasta ahora ha marcado el tr\u00e1nsito de la \u201cU\u201d en el torneo Clausura 2015-2016.<\/p>\n<p>En su repaso del partido el t\u00e9cnico destac\u00f3 el tr\u00e1mite del primer tiempo, donde se demostr\u00f3 actitud y buen f\u00fatbol. <strong>\u201cTodo es m\u00e9rito de los futbolista que estuvieron a la altura de una semana compleja, de un partido que generaba mucho morbo y que adem\u00e1s enfrentamos a un rival muy complejo, que ataca muy bien y con mucha gente. Para nosotros era una final y los futbolistas la jugaron como tal. Le pudimos dar una peque\u00f1a alegr\u00eda a la gente, porque se lo merecen\u201d.<\/strong><\/p>\n<p>Al analizar los tormentosos \u00faltimos d\u00edas que vivi\u00f3 el plante, Beccacece parti\u00f3 reconociendo que esta fue una semana compleja y dura, pero que <strong>\u201cel balance es positivo. Salimos fortalecidos de la situaci\u00f3n y la reacci\u00f3n de los futbolista fue muy emotiva en lo personal, porque refleja las sensaciones, el afecto y el respeto que existe mutuamente. Soy agradecido siempre a todos los grupos que he pertenecido porque me considero muy cercano, me considero muy humano y realmente no lo estamos pasando bien y esto muestra un poco hacia d\u00f3nde queremos ir\u201d<\/strong>.<\/p>\n<p>Sobre la reacci\u00f3n del equipo de correr a abrazarlo tras los goles, el adiestrador dijo que <strong>\u201cno es normal que todo un grupo apoye al que hoy lo representa. Hoy soy la cabeza pero atr\u00e1s hay un grupo de personas numeroso que trabaja y se esfuerza d\u00eda a d\u00eda. Es una alegr\u00eda para tener una semana m\u00e1s tranquila y realmente los jugadores hoy demostraron porque est\u00e1n en la \u2018U\u2019\u201d<\/strong>.<\/p>\n<p>Con respecto al partido de este domingo 17, contra Universidad Cat\u00f3lica en una nueva versi\u00f3n del Cl\u00e1sico Universitario, y la posibilidad de limpiar en parte la irregular campa\u00f1a, el DT argentino indic\u00f3 que <strong>\u201cun partido no salva el semestre. Nosotros dijimos que no estuvimos a la altura de las expectativas de pelear el torneo. Nos queda la posibilidad que pelear estos tres partidos, los vamos a jugar como verdaderas finales. En el medio tenemos un rival que viene haciendo las cosas muy bien, en su casa, y nos prepararemos como nos hemos preparado esta semana\u201d.<\/strong><\/p>\n<p><strong>JUGADORES AGRADECIERON EL APOYO DE LA GENTE: \u201cVOLVI\u00d3 A QUEDAR DEMOSTRADO QUE ES LA MEJOR HINCHADA DE CHILE\u201d<\/strong><\/p>\n<figure id=\"attachment_9478\" aria-describedby=\"caption-attachment-9478\" style=\"width: 960px\" class=\"wp-caption alignnone\"><img loading=\"lazy\" decoding=\"async\" class=\"wp-image-9478 size-full\" src=\"http:\/\/www.rincondelbulla.cl\/portal\/wp-content\/uploads\/2016\/04\/Salida-Equipo.jpg\" alt=\"Salida Equipo\" width=\"960\" height=\"640\" srcset=\"http:\/\/www.rincondelbulla.cl\/portal\/wp-content\/uploads\/2016\/04\/Salida-Equipo.jpg 960w, http:\/\/www.rincondelbulla.cl\/portal\/wp-content\/uploads\/2016\/04\/Salida-Equipo-300x200.jpg 300w, http:\/\/www.rincondelbulla.cl\/portal\/wp-content\/uploads\/2016\/04\/Salida-Equipo-768x512.jpg 768w, http:\/\/www.rincondelbulla.cl\/portal\/wp-content\/uploads\/2016\/04\/Salida-Equipo-696x464.jpg 696w, http:\/\/www.rincondelbulla.cl\/portal\/wp-content\/uploads\/2016\/04\/Salida-Equipo-630x420.jpg 630w\" sizes=\"auto, (max-width: 960px) 100vw, 960px\" \/><figcaption id=\"caption-attachment-9478\" class=\"wp-caption-text\">Destacaron el envi\u00f3n an\u00edmico que significan estos tres puntos. agradecieron y dedicaron este triunfo a los 25 mil hinchas que llegaron a apoyarlos, pese a todo, al Estadio Nacional. Foto: Claudio C\u00e1ceres<\/figcaption><\/figure>\n<p>El primero en analizar el triunfo azul fue Mat\u00edas Rodr\u00edguez. El lateral asegur\u00f3 que<strong> \u201cestamos muy contentos. Logramos un triunfo muy importante despu\u00e9s de una semana bastante movidita. Gracias a Dios conseguimos el resulta que quer\u00edamos\u201d.<\/strong><\/p>\n<p>Sobre la celebraci\u00f3n junto al paltel y cuerpo t\u00e9cnico luego de cada gol, el argentino indic\u00f3 que<strong> \u201csiempre fuimos agradecidos con todos y quisimos hacerle saber al \u2018profe\u2019 que estamos con \u00e9l y que vamos a dejar todo en la cancha por nosotros, por \u00e9l y por la hinchada que nuevamente nos vino a apoyar y que hoy volvi\u00f3 a quedar demostrado que es la mejor de Chile\u201d<\/strong><\/p>\n<p>Luis Fari\u00f1a, que volvi\u00f3 a jugar tras algunas ausencias, declar\u00f3 que como plantel<strong> \u201cnecesit\u00e1bamos un triunfo as\u00ed. Ven\u00edamos de una semana muy dif\u00edcil, de partidos malos, y esto viene muy bien para la confianza y para lo que sigue. Se vio un cambio de actitud, salimos a jugar como una final y eso hizo ver un buen gesto\u201d. <\/strong>Agreg\u00f3 que este triunfo sirve para \u201c<strong>demostrar que el grupo sigue unido y que vamos a seguir peleando para intentar entrar a la liguilla\u201d.<\/strong><\/p>\n<p>El an\u00e1lisis de Gonzalo Jara no fue diferente. El seleccionado nacional asegur\u00f3 que lo principal es que<strong> \u201cganamos los tres puntos, despu\u00e9s de muchos partidos sin venir ganando tambi\u00e9n. Es importante porque hab\u00eda que dejar los tres puntos como fuera, por el momento que est\u00e1bamos pasando y por los resultados que no se nos hab\u00edan dado por muchas fechas, quiz\u00e1s a rato jugando bien a ratos jugando mal pero no hab\u00edamos podido ganar\u201d.<\/strong><\/p>\n<p>Sobre la envi\u00f3n an\u00edmico que significa esta victoria, Jara declar\u00f3 que<strong> \u201ces muy diferente cuando vas ganando. En todo el campeonato nos ha tocado muy pocas veces ir adelante en el marcador y la verdad es que influye much\u00edsimo. Hoy logramos ponernos arriba en el marcador y quiz\u00e1s nos podr\u00edamos haber ido 3-0\u00a0 con una chance que tuvo Seba (Ubilla) en el primer tiempo. Creo que ponerse adelante en el marcador fue fundamental tambi\u00e9n\u201d.<\/strong><\/p>\n<p>Gonzalo Jara tambi\u00e9n agradeci\u00f3 la presencia de 25 mil hinchas azules en el Nacional<strong>. \u201cHab\u00eda que darle una alegr\u00eda a la gente porque se lo merec\u00eda. Pese a todo vinieron 25 mil personas. Este equipo se merece otras cosas y m\u00e1s all\u00e1 que uno se pone a pensar en la liguilla, lo principal era lograr un triunfo para d\u00e1rselo a la gente\u201d, <\/strong>sentenci\u00f3 el zaguero.<\/p>\n","protected":false},"excerpt":{"rendered":"<p>La vuelta a los abrazos fue tomada con alegr\u00eda y mesura en el camar\u00edn azul. Hablan de las \u201cfinales\u201d que quedan por delante y la ilusi\u00f3n de llegar a la liguilla por Copa Sudamericana. La uni\u00f3n de grupo y el apoyo de la gente fue destacada por todos.<\/p>\n","protected":false},"author":21382,"featured_media":9477,"comment_status":"closed","ping_status":"open","sticky":false,"template":"","format":"standard","meta":{"footnotes":""},"categories":[18],"tags":[454,712,511,71,80,711,424,531,710,102,532,65,157,537,538,709,603,156],"class_list":{"0":"post-9475","1":"post","2":"type-post","3":"status-publish","4":"format-standard","5":"has-post-thumbnail","7":"category-actualidad","8":"tag-actualidad","9":"tag-apoyo","10":"tag-barra","11":"tag-clasico-universitario","12":"tag-copa-sudamericana","13":"tag-deportes-iquique","14":"tag-estadio-nacional","15":"tag-gonzalo-jara","16":"tag-liguilla","17":"tag-los-de-abajo","18":"tag-luis-farina","19":"tag-matias-rodriguez","20":"tag-portada","21":"tag-sebastian-beccacece","22":"tag-torneo-clausura-2015-2016","23":"tag-triunfo","24":"tag-universidad-catolica","25":"tag-universidad-de-chile"},"_links":{"self":[{"href":"http:\/\/www.rincondelbulla.cl\/portal\/wp-json\/wp\/v2\/posts\/9475","targetHints":{"allow":["GET"]}}],"collection":[{"href":"http:\/\/www.rincondelbulla.cl\/portal\/wp-json\/wp\/v2\/posts"}],"about":[{"href":"http:\/\/www.rincondelbulla.cl\/portal\/wp-json\/wp\/v2\/types\/post"}],"author":[{"embeddable":true,"href":"http:\/\/www.rincondelbulla.cl\/portal\/wp-json\/wp\/v2\/users\/21382"}],"replies":[{"embeddable":true,"href":"http:\/\/www.rincondelbulla.cl\/portal\/wp-json\/wp\/v2\/comments?post=9475"}],"version-history":[{"count":1,"href":"http:\/\/www.rincondelbulla.cl\/portal\/wp-json\/wp\/v2\/posts\/9475\/revisions"}],"predecessor-version":[{"id":9480,"href":"http:\/\/www.rincondelbulla.cl\/portal\/wp-json\/wp\/v2\/posts\/9475\/revisions\/9480"}],"wp:featuredmedia":[{"embeddable":true,"href":"http:\/\/www.rincondelbulla.cl\/portal\/wp-json\/wp\/v2\/media\/9477"}],"wp:attachment":[{"href":"http:\/\/www.rincondelbulla.cl\/portal\/wp-json\/wp\/v2\/media?parent=9475"}],"wp:term":[{"taxonomy":"category","embeddable":true,"href":"http:\/\/www.rincondelbulla.cl\/portal\/wp-json\/wp\/v2\/categories?post=9475"},{"taxonomy":"post_tag","embeddable":true,"href":"http:\/\/www.rincondelbulla.cl\/portal\/wp-json\/wp\/v2\/tags?post=9475"}],"curies":[{"name":"wp","href":"https:\/\/api.w.org\/{rel}","templated":true}]}}