{"id":9496,"date":"2016-04-11T12:59:18","date_gmt":"2016-04-11T15:59:18","guid":{"rendered":"http:\/\/www.rincondelbulla.cl\/portal\/?p=9496"},"modified":"2016-04-11T12:59:18","modified_gmt":"2016-04-11T15:59:18","slug":"marca-personal-al-fin-una-alegria","status":"publish","type":"post","link":"http:\/\/www.rincondelbulla.cl\/portal\/2016\/04\/11\/marca-personal-al-fin-una-alegria\/","title":{"rendered":"Marca Personal: Al fin una alegr\u00eda"},"content":{"rendered":"<p><img loading=\"lazy\" decoding=\"async\" class=\"alignnone size-full wp-image-9478\" src=\"http:\/\/www.rincondelbulla.cl\/portal\/wp-content\/uploads\/2016\/04\/Salida-Equipo.jpg\" alt=\"Salida Equipo\" width=\"960\" height=\"640\" srcset=\"http:\/\/www.rincondelbulla.cl\/portal\/wp-content\/uploads\/2016\/04\/Salida-Equipo.jpg 960w, http:\/\/www.rincondelbulla.cl\/portal\/wp-content\/uploads\/2016\/04\/Salida-Equipo-300x200.jpg 300w, http:\/\/www.rincondelbulla.cl\/portal\/wp-content\/uploads\/2016\/04\/Salida-Equipo-768x512.jpg 768w, http:\/\/www.rincondelbulla.cl\/portal\/wp-content\/uploads\/2016\/04\/Salida-Equipo-696x464.jpg 696w, http:\/\/www.rincondelbulla.cl\/portal\/wp-content\/uploads\/2016\/04\/Salida-Equipo-630x420.jpg 630w\" sizes=\"auto, (max-width: 960px) 100vw, 960px\" \/><strong>Luego de la semana m\u00e1s movida en los \u00faltimos a\u00f1os, era imperativo lograr un triunfo frente a Deportes Iquique en el Nacional, los azules cumplieron, respiran m\u00e1s tranquilo y el equipo solo piensa en entrar en la zona de liguilla.<\/strong><!--more--><\/p>\n<p>Era un partido de esos que se denominan de \u201c6 puntos\u201d, ambos equipos estaban luchando por salir de la zona de descenso, y el que ganaba se arrancaba. El \u201cRomantico Viajero\u201d entro a presionar y con m\u00e1s ganas que f\u00fatbol se fue al descanso con un dos cero a favor.<br \/>\nEn el segundo tiempo Iquique creci\u00f3 y pudo empatar el partido, pero el palo sali\u00f3 al rescate de Johnny herrera y evit\u00f3 el grito de Gol en los pulmones de Michel Rios.  Este es el Marca Personal del Rinc\u00f3n del Bulla:<\/p>\n<p><strong>25.-Johnny Herrera: <\/strong> Marc\u00f3 de penal y estuvo muy atento a los embates rivales. Nota 5.5<\/p>\n<p><strong>16.-Matias Rodriguez:<\/strong> Un muy mal partido del \u201cMati\u201d, no dio pie con bola. Nota 3.5<\/p>\n<p><strong>4.-Osvaldo Gonzalez:<\/strong>  Estuvo muy concentrado, y en varias ocasiones sali\u00f3 jugando con el bal\u00f3n desde el fondo. Nota 5.0<\/p>\n<p><strong>18.-Gonzalo Jara:<\/strong> Hizo un discreto partido. Nota 4.0<\/p>\n<p><strong>14.-Nicolas Ramirez:<\/strong>Muy buen partido del Juvenil, con personalidad para subir a ratos, y defender con mucha seguridad cuando fue requerido. Nota 4.5<br \/>\n<strong><br \/>\n26.-Guzm\u00e1n Pereira:<\/strong> Fue la figura del encuentro, a puro coraz\u00f3n el \u201cCharrua\u201d demostr\u00f3 que debe ser un imprescindible en la oncena de Beccacece. Nota 6.0<\/p>\n<p><strong>5.-Mathias Corujo:<\/strong> Muy buen regreso de Corujo, corri\u00f3, metio y acompa\u00f1o a Pereira en el mediocampo de muy buena manera. Nota 5.0<\/p>\n<p><strong>20.-Fabian Carmona:<\/strong> Estuvo ausente en la cancha, pas\u00f3 totalmente desapercibido. Nota 3.0<\/p>\n<p><strong><br \/>\n22.-Gustavo Lorenzetti:<\/strong> Volvi\u00f3 el duende que ayuda a sus compa\u00f1eros, hace jugar a los delanteros y es el amigo de todos. Nota 5.5<\/p>\n<p><strong>11.- Sebasti\u00e1n Ubilla:<\/strong>Corri\u00f3 todo el partido, y tuvo una oportunidad en inmejorable posici\u00f3n pero remat\u00f3 a los genitales del arquero. Nota 4.5<\/p>\n<p><strong>8.-Patricio Rubio:<\/strong> Corri\u00f3 bastante, bajando a recuperar balones, cambiando posicion con Ubilla, pero en lo suyo, hacer goles,  no anduvo bien. Nota 4.0<\/p>\n<p><strong>Cambios<\/strong><\/p>\n<p><strong>6.-Sebastian Martinez (58\u2019 por Carmona):<\/strong> Ingreso para recuperar el medio campo, y cumplio con lo solicitado. Nota 4.5<\/p>\n<p><strong>2.-Benjamin Vidal (81\u2019 por Pereira):<\/strong> El charrua ya no pod\u00eda m\u00e1s e ingreso Vidal en labores de contenci\u00f3n, no se le vi\u00f3 bien. Nota 3.0<\/p>\n<p><strong>10.-Luis Fari\u00f1a (85\u2019 por Rubio):<\/strong> Trato de armar contras, pero estaba muy solo. Nota 4.0<\/p>\n","protected":false},"excerpt":{"rendered":"<p>Luego de la semana m\u00e1s movida en los \u00faltimos a\u00f1os, era imperativo lograr un triunfo frente a Deportes Iquique en el Nacional, los azules cumplieron, respiran m\u00e1s tranquilo y el equipo solo piensa en entrar en la zona de liguilla.<\/p>\n","protected":false},"author":21381,"featured_media":9478,"comment_status":"closed","ping_status":"open","sticky":false,"template":"","format":"standard","meta":{"footnotes":""},"categories":[18],"tags":[43,538],"class_list":{"0":"post-9496","1":"post","2":"type-post","3":"status-publish","4":"format-standard","5":"has-post-thumbnail","7":"category-actualidad","8":"tag-marca-personal","9":"tag-torneo-clausura-2015-2016"},"_links":{"self":[{"href":"http:\/\/www.rincondelbulla.cl\/portal\/wp-json\/wp\/v2\/posts\/9496","targetHints":{"allow":["GET"]}}],"collection":[{"href":"http:\/\/www.rincondelbulla.cl\/portal\/wp-json\/wp\/v2\/posts"}],"about":[{"href":"http:\/\/www.rincondelbulla.cl\/portal\/wp-json\/wp\/v2\/types\/post"}],"author":[{"embeddable":true,"href":"http:\/\/www.rincondelbulla.cl\/portal\/wp-json\/wp\/v2\/users\/21381"}],"replies":[{"embeddable":true,"href":"http:\/\/www.rincondelbulla.cl\/portal\/wp-json\/wp\/v2\/comments?post=9496"}],"version-history":[{"count":1,"href":"http:\/\/www.rincondelbulla.cl\/portal\/wp-json\/wp\/v2\/posts\/9496\/revisions"}],"predecessor-version":[{"id":9497,"href":"http:\/\/www.rincondelbulla.cl\/portal\/wp-json\/wp\/v2\/posts\/9496\/revisions\/9497"}],"wp:featuredmedia":[{"embeddable":true,"href":"http:\/\/www.rincondelbulla.cl\/portal\/wp-json\/wp\/v2\/media\/9478"}],"wp:attachment":[{"href":"http:\/\/www.rincondelbulla.cl\/portal\/wp-json\/wp\/v2\/media?parent=9496"}],"wp:term":[{"taxonomy":"category","embeddable":true,"href":"http:\/\/www.rincondelbulla.cl\/portal\/wp-json\/wp\/v2\/categories?post=9496"},{"taxonomy":"post_tag","embeddable":true,"href":"http:\/\/www.rincondelbulla.cl\/portal\/wp-json\/wp\/v2\/tags?post=9496"}],"curies":[{"name":"wp","href":"https:\/\/api.w.org\/{rel}","templated":true}]}}