{"id":9561,"date":"2016-04-18T13:04:13","date_gmt":"2016-04-18T16:04:13","guid":{"rendered":"http:\/\/www.rincondelbulla.cl\/portal\/?p=9561"},"modified":"2016-04-18T13:13:27","modified_gmt":"2016-04-18T16:13:27","slug":"tres-partidos-en-siete-dias","status":"publish","type":"post","link":"http:\/\/www.rincondelbulla.cl\/portal\/2016\/04\/18\/tres-partidos-en-siete-dias\/","title":{"rendered":"Tres partidos en siete d\u00edas deben jugar los azules en el cierre del semestre"},"content":{"rendered":"<figure id=\"attachment_5859\" aria-describedby=\"caption-attachment-5859\" style=\"width: 1100px\" class=\"wp-caption alignnone\"><img loading=\"lazy\" decoding=\"async\" class=\"size-full wp-image-5859\" src=\"http:\/\/www.rincondelbulla.cl\/portal\/wp-content\/uploads\/2014\/10\/vsucatolica.jpg\" alt=\"La \u201cU\u201d seguir\u00e1 en su lucha por el campeonato - Foto: Claudio C\u00e1ceres\" width=\"1100\" height=\"700\" srcset=\"http:\/\/www.rincondelbulla.cl\/portal\/wp-content\/uploads\/2014\/10\/vsucatolica.jpg 1100w, http:\/\/www.rincondelbulla.cl\/portal\/wp-content\/uploads\/2014\/10\/vsucatolica-300x191.jpg 300w, http:\/\/www.rincondelbulla.cl\/portal\/wp-content\/uploads\/2014\/10\/vsucatolica-768x489.jpg 768w, http:\/\/www.rincondelbulla.cl\/portal\/wp-content\/uploads\/2014\/10\/vsucatolica-696x443.jpg 696w, http:\/\/www.rincondelbulla.cl\/portal\/wp-content\/uploads\/2014\/10\/vsucatolica-1068x680.jpg 1068w, http:\/\/www.rincondelbulla.cl\/portal\/wp-content\/uploads\/2014\/10\/vsucatolica-660x420.jpg 660w\" sizes=\"auto, (max-width: 1100px) 100vw, 1100px\" \/><figcaption id=\"caption-attachment-5859\" class=\"wp-caption-text\">&#8211; Foto: Claudio C\u00e1ceres<\/figcaption><\/figure>\n<p><strong>La Anfp entreg\u00f3 la programaci\u00f3n completa de las \u00faltimas 2 fechas del torneo y los partidos pendientes de la fecha n\u00famero 13.<\/strong><!--more--><\/p>\n<p>As\u00ed las cosas el Cl\u00e1sico Universitario frente a la Universidad Cat\u00f3lica se jugar\u00e1 el <strong>s\u00e1bado 23 de Abril a las 12:30 en San Carlos de Apoquindo<\/strong>. Y el partido de los azules frente a Uni\u00f3n la Calera que se deb\u00eda jugar ese d\u00eda, queda postergado para el <strong>Martes 26 de Abril a las 20:00 en el Estadio Nacional<\/strong>. De esta manera el Rom\u00e1ntico Viajero cierra su participaci\u00f3n en el torneo de Clausura el<strong> Viernes 29 de Abril a las 18:30 horas<\/strong> de forastero frente a Huachipato.<\/p>\n","protected":false},"excerpt":{"rendered":"<p>La Anfp entreg\u00f3 la programaci\u00f3n completa de las \u00faltimas 2 fechas del torneo y los partidos pendientes de la fecha n\u00famero 13.<\/p>\n","protected":false},"author":21381,"featured_media":5859,"comment_status":"closed","ping_status":"open","sticky":false,"template":"","format":"standard","meta":{"footnotes":""},"categories":[18],"tags":[71,721,538],"class_list":{"0":"post-9561","1":"post","2":"type-post","3":"status-publish","4":"format-standard","5":"has-post-thumbnail","7":"category-actualidad","8":"tag-clasico-universitario","9":"tag-san-carlos","10":"tag-torneo-clausura-2015-2016"},"_links":{"self":[{"href":"http:\/\/www.rincondelbulla.cl\/portal\/wp-json\/wp\/v2\/posts\/9561","targetHints":{"allow":["GET"]}}],"collection":[{"href":"http:\/\/www.rincondelbulla.cl\/portal\/wp-json\/wp\/v2\/posts"}],"about":[{"href":"http:\/\/www.rincondelbulla.cl\/portal\/wp-json\/wp\/v2\/types\/post"}],"author":[{"embeddable":true,"href":"http:\/\/www.rincondelbulla.cl\/portal\/wp-json\/wp\/v2\/users\/21381"}],"replies":[{"embeddable":true,"href":"http:\/\/www.rincondelbulla.cl\/portal\/wp-json\/wp\/v2\/comments?post=9561"}],"version-history":[{"count":4,"href":"http:\/\/www.rincondelbulla.cl\/portal\/wp-json\/wp\/v2\/posts\/9561\/revisions"}],"predecessor-version":[{"id":9565,"href":"http:\/\/www.rincondelbulla.cl\/portal\/wp-json\/wp\/v2\/posts\/9561\/revisions\/9565"}],"wp:featuredmedia":[{"embeddable":true,"href":"http:\/\/www.rincondelbulla.cl\/portal\/wp-json\/wp\/v2\/media\/5859"}],"wp:attachment":[{"href":"http:\/\/www.rincondelbulla.cl\/portal\/wp-json\/wp\/v2\/media?parent=9561"}],"wp:term":[{"taxonomy":"category","embeddable":true,"href":"http:\/\/www.rincondelbulla.cl\/portal\/wp-json\/wp\/v2\/categories?post=9561"},{"taxonomy":"post_tag","embeddable":true,"href":"http:\/\/www.rincondelbulla.cl\/portal\/wp-json\/wp\/v2\/tags?post=9561"}],"curies":[{"name":"wp","href":"https:\/\/api.w.org\/{rel}","templated":true}]}}