{"id":9587,"date":"2016-04-21T02:05:53","date_gmt":"2016-04-21T05:05:53","guid":{"rendered":"http:\/\/www.rincondelbulla.cl\/portal\/?p=9587"},"modified":"2016-04-21T02:05:53","modified_gmt":"2016-04-21T05:05:53","slug":"nueva-reprogramacion-para-el-clasico-universitario","status":"publish","type":"post","link":"http:\/\/www.rincondelbulla.cl\/portal\/2016\/04\/21\/nueva-reprogramacion-para-el-clasico-universitario\/","title":{"rendered":"\u00bfNueva reprogramaci\u00f3n para el Cl\u00e1sico Universitario?"},"content":{"rendered":"<p><img loading=\"lazy\" decoding=\"async\" class=\"alignnone size-full wp-image-8947\" src=\"http:\/\/www.rincondelbulla.cl\/portal\/wp-content\/uploads\/2016\/03\/hinchada-salida.jpg\" alt=\"hinchada-salida\" width=\"1100\" height=\"733\" srcset=\"http:\/\/www.rincondelbulla.cl\/portal\/wp-content\/uploads\/2016\/03\/hinchada-salida.jpg 1100w, http:\/\/www.rincondelbulla.cl\/portal\/wp-content\/uploads\/2016\/03\/hinchada-salida-300x200.jpg 300w, http:\/\/www.rincondelbulla.cl\/portal\/wp-content\/uploads\/2016\/03\/hinchada-salida-768x512.jpg 768w, http:\/\/www.rincondelbulla.cl\/portal\/wp-content\/uploads\/2016\/03\/hinchada-salida-696x464.jpg 696w, http:\/\/www.rincondelbulla.cl\/portal\/wp-content\/uploads\/2016\/03\/hinchada-salida-1068x712.jpg 1068w, http:\/\/www.rincondelbulla.cl\/portal\/wp-content\/uploads\/2016\/03\/hinchada-salida-630x420.jpg 630w\" sizes=\"auto, (max-width: 1100px) 100vw, 1100px\" \/><\/p>\n<p><strong>Universidad Cat\u00f3lica deb\u00eda recibir a su par laico el pasado fin de semana, duelo que debi\u00f3 ser reprogramado por las intensas lluvias que hicieron que la cancha de San Carlos se volviera imposible para el f\u00fatbol.<\/strong><!--more--><\/p>\n<p><span style=\"font-weight: 400;\">Pero los inconvenientes no cesan en el f\u00fatbol chileno, el cotejo entre azules y cruzados podr\u00eda verse nuevamente afectado, esta vez \u00a0por el paro del Sindicato de Futbolistas Profesionales de Chile y un nuevo sistema frontal.<\/span><\/p>\n<p><span style=\"font-weight: 400;\">La raz\u00f3n m\u00e1s fuerte para una nueva reprogramaci\u00f3n es el ya mencionado paro de futbolistas, en apoyo a los jugadores de Deportes Concepci\u00f3n que se encuentran con los sueldos impagos desde el mes de febrero.<\/span><\/p>\n<p><span style=\"font-weight: 400;\">Uno de los miembros de la \u201cU\u201d, Math\u00edas Corujo se refiri\u00f3 al tema del paro en conferencia de prensa. \u00a0<\/span><span style=\"font-weight: 400;\">\u201cNo es una decisi\u00f3n f\u00e1cil, hay muchos intereses de por medio. Queremos jugar, pero respaldamos la decisi\u00f3n del Sifup y si hay que parar por apoyo a compa\u00f1eros hay que hacerlo\u201d, se\u00f1al\u00f3 el uruguayo.<\/span><\/p>\n<p><span style=\"font-weight: 400;\">Carlos Soto, presidente del Sifp, anunci\u00f3 que hoy jueves podr\u00edan haber nuevas noticias con respecto a la paralizaci\u00f3n de actividades, pero que por el momento este fin de semana no habr\u00eda f\u00fatbol en Chile.<\/span><\/p>\n","protected":false},"excerpt":{"rendered":"<p>Universidad Cat\u00f3lica deb\u00eda recibir a su par laico el pasado fin de semana, duelo que debi\u00f3 ser reprogramado por las intensas lluvias que hicieron que la cancha de San Carlos se volviera imposible para el f\u00fatbol.<\/p>\n","protected":false},"author":21385,"featured_media":9228,"comment_status":"closed","ping_status":"open","sticky":false,"template":"","format":"standard","meta":{"footnotes":""},"categories":[18],"tags":[71,728,719,294],"class_list":{"0":"post-9587","1":"post","2":"type-post","3":"status-publish","4":"format-standard","5":"has-post-thumbnail","7":"category-actualidad","8":"tag-clasico-universitario","9":"tag-para-sifup","10":"tag-u-catolica","11":"tag-u-de-chile"},"_links":{"self":[{"href":"http:\/\/www.rincondelbulla.cl\/portal\/wp-json\/wp\/v2\/posts\/9587","targetHints":{"allow":["GET"]}}],"collection":[{"href":"http:\/\/www.rincondelbulla.cl\/portal\/wp-json\/wp\/v2\/posts"}],"about":[{"href":"http:\/\/www.rincondelbulla.cl\/portal\/wp-json\/wp\/v2\/types\/post"}],"author":[{"embeddable":true,"href":"http:\/\/www.rincondelbulla.cl\/portal\/wp-json\/wp\/v2\/users\/21385"}],"replies":[{"embeddable":true,"href":"http:\/\/www.rincondelbulla.cl\/portal\/wp-json\/wp\/v2\/comments?post=9587"}],"version-history":[{"count":1,"href":"http:\/\/www.rincondelbulla.cl\/portal\/wp-json\/wp\/v2\/posts\/9587\/revisions"}],"predecessor-version":[{"id":9588,"href":"http:\/\/www.rincondelbulla.cl\/portal\/wp-json\/wp\/v2\/posts\/9587\/revisions\/9588"}],"wp:featuredmedia":[{"embeddable":true,"href":"http:\/\/www.rincondelbulla.cl\/portal\/wp-json\/wp\/v2\/media\/9228"}],"wp:attachment":[{"href":"http:\/\/www.rincondelbulla.cl\/portal\/wp-json\/wp\/v2\/media?parent=9587"}],"wp:term":[{"taxonomy":"category","embeddable":true,"href":"http:\/\/www.rincondelbulla.cl\/portal\/wp-json\/wp\/v2\/categories?post=9587"},{"taxonomy":"post_tag","embeddable":true,"href":"http:\/\/www.rincondelbulla.cl\/portal\/wp-json\/wp\/v2\/tags?post=9587"}],"curies":[{"name":"wp","href":"https:\/\/api.w.org\/{rel}","templated":true}]}}