{"id":9593,"date":"2016-04-21T11:24:33","date_gmt":"2016-04-21T14:24:33","guid":{"rendered":"http:\/\/www.rincondelbulla.cl\/portal\/?p=9593"},"modified":"2016-04-21T11:24:33","modified_gmt":"2016-04-21T14:24:33","slug":"el-clasico-universitario-se-juega","status":"publish","type":"post","link":"http:\/\/www.rincondelbulla.cl\/portal\/2016\/04\/21\/el-clasico-universitario-se-juega\/","title":{"rendered":"\u00a1El Cl\u00e1sico Universitario se juega!"},"content":{"rendered":"<figure id=\"attachment_6054\" aria-describedby=\"caption-attachment-6054\" style=\"width: 1100px\" class=\"wp-caption alignnone\"><img loading=\"lazy\" decoding=\"async\" class=\"size-full wp-image-6054\" src=\"http:\/\/www.rincondelbulla.cl\/portal\/wp-content\/uploads\/2014\/11\/Hinchada4.jpg\" alt=\"Foto: Claudio C\u00e1ceres\" width=\"1100\" height=\"700\" srcset=\"http:\/\/www.rincondelbulla.cl\/portal\/wp-content\/uploads\/2014\/11\/Hinchada4.jpg 1100w, http:\/\/www.rincondelbulla.cl\/portal\/wp-content\/uploads\/2014\/11\/Hinchada4-300x191.jpg 300w, http:\/\/www.rincondelbulla.cl\/portal\/wp-content\/uploads\/2014\/11\/Hinchada4-768x489.jpg 768w, http:\/\/www.rincondelbulla.cl\/portal\/wp-content\/uploads\/2014\/11\/Hinchada4-696x443.jpg 696w, http:\/\/www.rincondelbulla.cl\/portal\/wp-content\/uploads\/2014\/11\/Hinchada4-1068x680.jpg 1068w, http:\/\/www.rincondelbulla.cl\/portal\/wp-content\/uploads\/2014\/11\/Hinchada4-660x420.jpg 660w\" sizes=\"auto, (max-width: 1100px) 100vw, 1100px\" \/><figcaption id=\"caption-attachment-6054\" class=\"wp-caption-text\">Foto: Claudio C\u00e1ceres<\/figcaption><\/figure>\n<p><strong>La paralizaci\u00f3n de actividades convocadas por el Sifup hac\u00eda\u00a0tambalear nuevamente el partido entre azules y cruzados, el que ya hab\u00eda sido afectado por las lluvias.<\/strong><!--more--><\/p>\n<p>Seg\u00fan informa el <a href=\"http:\/\/www.sifup.cl\/2016\/04\/informacion-sobre-clasico-universitario\/\">sitio oficial del Sifup<\/a>, se habl\u00f3 con los capitanes de ambos equipos, con quienes se acord\u00f3 jugar este partido para normalizar la fecha 13 del Torneo de Primera Divisi\u00f3n.<\/p>\n<p>El Cl\u00e1sico Universitario <strong>se jugar\u00e1 este s\u00e1bado 23 a las 12.30<\/strong> en San Carlos de Apoquindo. Las 600 entradas para los hinchas azules ya se encuentran completamente agotadas.<\/p>\n<p>Cabe destacar que este ser\u00e1 el \u00fanico partido que se juegue este fin de semana en el f\u00fatbol chileno. El llamado a paralizar se encuentra vigente en apoyo a los jugadores de Deportes Concepci\u00f3n que se mantienen con sus sueldos impagos desde febrero.<\/p>\n","protected":false},"excerpt":{"rendered":"<p>La paralizaci\u00f3n de actividades convocadas por el Sifup hac\u00eda\u00a0tambalear nuevamente el partido entre azules y cruzados, el que ya hab\u00eda sido afectado por las lluvias.<\/p>\n","protected":false},"author":65,"featured_media":6054,"comment_status":"closed","ping_status":"open","sticky":false,"template":"","format":"standard","meta":{"footnotes":""},"categories":[18],"tags":[71,719,294],"class_list":{"0":"post-9593","1":"post","2":"type-post","3":"status-publish","4":"format-standard","5":"has-post-thumbnail","7":"category-actualidad","8":"tag-clasico-universitario","9":"tag-u-catolica","10":"tag-u-de-chile"},"_links":{"self":[{"href":"http:\/\/www.rincondelbulla.cl\/portal\/wp-json\/wp\/v2\/posts\/9593","targetHints":{"allow":["GET"]}}],"collection":[{"href":"http:\/\/www.rincondelbulla.cl\/portal\/wp-json\/wp\/v2\/posts"}],"about":[{"href":"http:\/\/www.rincondelbulla.cl\/portal\/wp-json\/wp\/v2\/types\/post"}],"author":[{"embeddable":true,"href":"http:\/\/www.rincondelbulla.cl\/portal\/wp-json\/wp\/v2\/users\/65"}],"replies":[{"embeddable":true,"href":"http:\/\/www.rincondelbulla.cl\/portal\/wp-json\/wp\/v2\/comments?post=9593"}],"version-history":[{"count":1,"href":"http:\/\/www.rincondelbulla.cl\/portal\/wp-json\/wp\/v2\/posts\/9593\/revisions"}],"predecessor-version":[{"id":9594,"href":"http:\/\/www.rincondelbulla.cl\/portal\/wp-json\/wp\/v2\/posts\/9593\/revisions\/9594"}],"wp:featuredmedia":[{"embeddable":true,"href":"http:\/\/www.rincondelbulla.cl\/portal\/wp-json\/wp\/v2\/media\/6054"}],"wp:attachment":[{"href":"http:\/\/www.rincondelbulla.cl\/portal\/wp-json\/wp\/v2\/media?parent=9593"}],"wp:term":[{"taxonomy":"category","embeddable":true,"href":"http:\/\/www.rincondelbulla.cl\/portal\/wp-json\/wp\/v2\/categories?post=9593"},{"taxonomy":"post_tag","embeddable":true,"href":"http:\/\/www.rincondelbulla.cl\/portal\/wp-json\/wp\/v2\/tags?post=9593"}],"curies":[{"name":"wp","href":"https:\/\/api.w.org\/{rel}","templated":true}]}}