{"id":9596,"date":"2016-04-21T13:41:42","date_gmt":"2016-04-21T16:41:42","guid":{"rendered":"http:\/\/www.rincondelbulla.cl\/portal\/?p=9596"},"modified":"2016-04-21T13:43:00","modified_gmt":"2016-04-21T16:43:00","slug":"sebastian-martinez-espera-el-duelo-contra-la-uc-mentalizado-en-la-liguilla","status":"publish","type":"post","link":"http:\/\/www.rincondelbulla.cl\/portal\/2016\/04\/21\/sebastian-martinez-espera-el-duelo-contra-la-uc-mentalizado-en-la-liguilla\/","title":{"rendered":"Sebasti\u00e1n Mart\u00ednez espera el duelo contra la UC \u00abmentalizado en la liguilla\u00bb"},"content":{"rendered":"<p><strong>A dos d\u00edas del cl\u00e1sico universitario, hoy en el CDA Sebasti\u00e1n Mart\u00ednez sali\u00f3 a enfrentar a los medios. El Seba convers\u00f3 sobre su momento y lo que le queda al equipo por enfrentar.<\/strong><\/p>\n<p><!--more--><\/p>\n<p>Tras la intensa lluvia ca\u00edda en Santiago y el cl\u00e1sico suspendido, este s\u00e1bado a las 12:30 horas se jugar\u00e1 el duelo 179 entre Universidad de Chile y Universidad Cat\u00f3lica.<\/p>\n<p><strong>El Cl\u00e1sico: <\/strong>Puede ser un partido de espect\u00e1culo para la gente, por dos estilos de juego que presionan y van al ataque. Va a ser un lindo partido. Queremos darle una alegr\u00eda a la gente.<\/p>\n<p><strong>La Liguilla: <\/strong>Vamos a pelear por lo que nos queda, ganar estos partidos para llegar a la liguilla y ganarla. Nosotros no pensamos en qui\u00e9n quiere salir campe\u00f3n, pensamos en lo que nos toca, llegar a la liguilla y en eso estamos mentalizados.<\/p>\n<p><strong>Los Marginados:<\/strong> Ellos ver\u00e1n c\u00f3mo solucionarlo con la dirigencia y el t\u00e9cnico; uno no deber\u00eda opinar nada.\u00a0Me llevaba bien con ellos, pero no te podr\u00eda decir que \u00e9ramos amigos \u00edntimos.<\/p>\n<p><strong>La titularidad<\/strong>: Siento que lo he hecho bien y que puedo ser opci\u00f3n. Ha sido dif\u00edcil ganarme un puesto, pero voy a entrenar para que me llegue mi oportunidad. Es el club en el que quiero estar.<\/p>\n","protected":false},"excerpt":{"rendered":"<p>A dos d\u00edas del cl\u00e1sico universitario, hoy en el CDA Sebasti\u00e1n Mart\u00ednez sali\u00f3 a enfrentar a los medios. El Seba convers\u00f3 sobre su momento y lo que le queda al equipo por enfrentar.<\/p>\n","protected":false},"author":21383,"featured_media":9598,"comment_status":"closed","ping_status":"open","sticky":false,"template":"","format":"video","meta":{"footnotes":""},"categories":[18],"tags":[],"class_list":{"0":"post-9596","1":"post","2":"type-post","3":"status-publish","4":"format-video","5":"has-post-thumbnail","7":"category-actualidad","8":"post_format-post-format-video"},"_links":{"self":[{"href":"http:\/\/www.rincondelbulla.cl\/portal\/wp-json\/wp\/v2\/posts\/9596","targetHints":{"allow":["GET"]}}],"collection":[{"href":"http:\/\/www.rincondelbulla.cl\/portal\/wp-json\/wp\/v2\/posts"}],"about":[{"href":"http:\/\/www.rincondelbulla.cl\/portal\/wp-json\/wp\/v2\/types\/post"}],"author":[{"embeddable":true,"href":"http:\/\/www.rincondelbulla.cl\/portal\/wp-json\/wp\/v2\/users\/21383"}],"replies":[{"embeddable":true,"href":"http:\/\/www.rincondelbulla.cl\/portal\/wp-json\/wp\/v2\/comments?post=9596"}],"version-history":[{"count":2,"href":"http:\/\/www.rincondelbulla.cl\/portal\/wp-json\/wp\/v2\/posts\/9596\/revisions"}],"predecessor-version":[{"id":9599,"href":"http:\/\/www.rincondelbulla.cl\/portal\/wp-json\/wp\/v2\/posts\/9596\/revisions\/9599"}],"wp:featuredmedia":[{"embeddable":true,"href":"http:\/\/www.rincondelbulla.cl\/portal\/wp-json\/wp\/v2\/media\/9598"}],"wp:attachment":[{"href":"http:\/\/www.rincondelbulla.cl\/portal\/wp-json\/wp\/v2\/media?parent=9596"}],"wp:term":[{"taxonomy":"category","embeddable":true,"href":"http:\/\/www.rincondelbulla.cl\/portal\/wp-json\/wp\/v2\/categories?post=9596"},{"taxonomy":"post_tag","embeddable":true,"href":"http:\/\/www.rincondelbulla.cl\/portal\/wp-json\/wp\/v2\/tags?post=9596"}],"curies":[{"name":"wp","href":"https:\/\/api.w.org\/{rel}","templated":true}]}}