{"id":9600,"date":"2016-04-21T14:48:47","date_gmt":"2016-04-21T17:48:47","guid":{"rendered":"http:\/\/www.rincondelbulla.cl\/portal\/?p=9600"},"modified":"2016-04-21T14:48:47","modified_gmt":"2016-04-21T17:48:47","slug":"marcelo-diaz-estuve-a-horas-de-volver-a-la-u","status":"publish","type":"post","link":"http:\/\/www.rincondelbulla.cl\/portal\/2016\/04\/21\/marcelo-diaz-estuve-a-horas-de-volver-a-la-u\/","title":{"rendered":"Marcelo D\u00edaz \u00abEstuve a horas de volver a la U\u00bb"},"content":{"rendered":"<p><img loading=\"lazy\" decoding=\"async\" class=\"alignnone size-full wp-image-9601\" src=\"http:\/\/www.rincondelbulla.cl\/portal\/wp-content\/uploads\/2016\/04\/MarceloD\u00edaz.jpg\" alt=\"FUTBOL, UNIVERSIDAD DE CHILE VS FLAMENGO\" width=\"2680\" height=\"1821\" srcset=\"http:\/\/www.rincondelbulla.cl\/portal\/wp-content\/uploads\/2016\/04\/MarceloD\u00edaz.jpg 2680w, http:\/\/www.rincondelbulla.cl\/portal\/wp-content\/uploads\/2016\/04\/MarceloD\u00edaz-300x204.jpg 300w, http:\/\/www.rincondelbulla.cl\/portal\/wp-content\/uploads\/2016\/04\/MarceloD\u00edaz-768x522.jpg 768w, http:\/\/www.rincondelbulla.cl\/portal\/wp-content\/uploads\/2016\/04\/MarceloD\u00edaz-1200x815.jpg 1200w, http:\/\/www.rincondelbulla.cl\/portal\/wp-content\/uploads\/2016\/04\/MarceloD\u00edaz-696x473.jpg 696w, http:\/\/www.rincondelbulla.cl\/portal\/wp-content\/uploads\/2016\/04\/MarceloD\u00edaz-1068x726.jpg 1068w, http:\/\/www.rincondelbulla.cl\/portal\/wp-content\/uploads\/2016\/04\/MarceloD\u00edaz-618x420.jpg 618w\" sizes=\"auto, (max-width: 2680px) 100vw, 2680px\" \/> Foto:Andres Pi\u00f1a<br \/>\n<strong>Marcelo D\u00edaz habl\u00f3 hoy con Radio la Clave, y asegur\u00f3 que a principio de a\u00f1o estuvo a punto de volver a vestir de Azul. \u201cEstuve a pocas horas de llegar a la u en este semestre\u201d asegur\u00f3 el Volante que hoy milita en Celta de Vigo.<\/strong><\/p>\n<p>El volante que brillara en las temporadas 2011 y 2012 en Universidad de Chile no se qued\u00f3 ah\u00ed, y adem\u00e1s aseguro que \u201cMe peli\u00e9 con toda mi familia por querer volver a la U\u201d. Recordemos que adem\u00e1s \u201cCarepato\u201d es titular indiscutido en la selecci\u00f3n chilena, y esperamos su pronto regreso al club de sus amores. <\/p>\n<p>Aqu\u00ed le dejamos un v\u00eddeo donde se burla del equipo rival. <\/p>\n<div class=\"youtube-embed\" data-video_id=\"PILPaEiK6cw\"><iframe loading=\"lazy\" width=\"696\" height=\"522\" src=\"https:\/\/www.youtube.com\/embed\/PILPaEiK6cw?feature=oembed&#038;enablejsapi=1\" frameborder=\"0\" allow=\"accelerometer; autoplay; encrypted-media; gyroscope; picture-in-picture\" allowfullscreen><\/iframe><\/div>\n","protected":false},"excerpt":{"rendered":"<p>Foto:Andres Pi\u00f1a Marcelo D\u00edaz habl\u00f3 hoy con Radio la Clave, y asegur\u00f3 que a principio de a\u00f1o estuvo a punto de volver a vestir de Azul. \u201cEstuve a pocas horas de llegar a la u en este semestre\u201d asegur\u00f3 el Volante que hoy milita en Celta de Vigo. El volante que brillara en las temporadas [&#8230;]<\/p>\n","protected":false},"author":21381,"featured_media":9601,"comment_status":"closed","ping_status":"open","sticky":false,"template":"","format":"standard","meta":{"footnotes":""},"categories":[18],"tags":[58,235],"class_list":{"0":"post-9600","1":"post","2":"type-post","3":"status-publish","4":"format-standard","5":"has-post-thumbnail","7":"category-actualidad","8":"tag-marcelo-diaz","9":"tag-refuerzos"},"_links":{"self":[{"href":"http:\/\/www.rincondelbulla.cl\/portal\/wp-json\/wp\/v2\/posts\/9600","targetHints":{"allow":["GET"]}}],"collection":[{"href":"http:\/\/www.rincondelbulla.cl\/portal\/wp-json\/wp\/v2\/posts"}],"about":[{"href":"http:\/\/www.rincondelbulla.cl\/portal\/wp-json\/wp\/v2\/types\/post"}],"author":[{"embeddable":true,"href":"http:\/\/www.rincondelbulla.cl\/portal\/wp-json\/wp\/v2\/users\/21381"}],"replies":[{"embeddable":true,"href":"http:\/\/www.rincondelbulla.cl\/portal\/wp-json\/wp\/v2\/comments?post=9600"}],"version-history":[{"count":1,"href":"http:\/\/www.rincondelbulla.cl\/portal\/wp-json\/wp\/v2\/posts\/9600\/revisions"}],"predecessor-version":[{"id":9602,"href":"http:\/\/www.rincondelbulla.cl\/portal\/wp-json\/wp\/v2\/posts\/9600\/revisions\/9602"}],"wp:featuredmedia":[{"embeddable":true,"href":"http:\/\/www.rincondelbulla.cl\/portal\/wp-json\/wp\/v2\/media\/9601"}],"wp:attachment":[{"href":"http:\/\/www.rincondelbulla.cl\/portal\/wp-json\/wp\/v2\/media?parent=9600"}],"wp:term":[{"taxonomy":"category","embeddable":true,"href":"http:\/\/www.rincondelbulla.cl\/portal\/wp-json\/wp\/v2\/categories?post=9600"},{"taxonomy":"post_tag","embeddable":true,"href":"http:\/\/www.rincondelbulla.cl\/portal\/wp-json\/wp\/v2\/tags?post=9600"}],"curies":[{"name":"wp","href":"https:\/\/api.w.org\/{rel}","templated":true}]}}