{"id":9620,"date":"2016-04-25T13:17:29","date_gmt":"2016-04-25T17:17:29","guid":{"rendered":"http:\/\/www.rincondelbulla.cl\/portal\/?p=9620"},"modified":"2016-04-25T13:17:29","modified_gmt":"2016-04-25T17:17:29","slug":"monzon-hay-posibilidades-de-entrar-a-la-liguilla-y-es-lo-que-nos-queda","status":"publish","type":"post","link":"http:\/\/www.rincondelbulla.cl\/portal\/2016\/04\/25\/monzon-hay-posibilidades-de-entrar-a-la-liguilla-y-es-lo-que-nos-queda\/","title":{"rendered":"Monz\u00f3n: \u00abHay posibilidades de entrar a la liguilla y es lo que nos queda\u00bb"},"content":{"rendered":"<figure id=\"attachment_9622\" aria-describedby=\"caption-attachment-9622\" style=\"width: 960px\" class=\"wp-caption alignnone\"><img loading=\"lazy\" decoding=\"async\" class=\"size-full wp-image-9622\" src=\"http:\/\/www.rincondelbulla.cl\/portal\/wp-content\/uploads\/2016\/04\/Fabian_Monzon.jpg\" alt=\"El lateral argentino lament\u00f3 la irregularidad de los azules este semestre, quiere volver pronto a las canchas y pidi\u00f3 la continuidad de Sebasti\u00e1n Beccacece. Foto: www.udechile.cl\" width=\"960\" height=\"741\" srcset=\"http:\/\/www.rincondelbulla.cl\/portal\/wp-content\/uploads\/2016\/04\/Fabian_Monzon.jpg 960w, http:\/\/www.rincondelbulla.cl\/portal\/wp-content\/uploads\/2016\/04\/Fabian_Monzon-300x232.jpg 300w, http:\/\/www.rincondelbulla.cl\/portal\/wp-content\/uploads\/2016\/04\/Fabian_Monzon-768x593.jpg 768w, http:\/\/www.rincondelbulla.cl\/portal\/wp-content\/uploads\/2016\/04\/Fabian_Monzon-696x537.jpg 696w, http:\/\/www.rincondelbulla.cl\/portal\/wp-content\/uploads\/2016\/04\/Fabian_Monzon-544x420.jpg 544w\" sizes=\"auto, (max-width: 960px) 100vw, 960px\" \/><figcaption id=\"caption-attachment-9622\" class=\"wp-caption-text\">El lateral argentino lament\u00f3 la irregularidad de los azules este semestre, quiere volver pronto a las canchas y pidi\u00f3 la continuidad de Sebasti\u00e1n Beccacece. Foto: www.udechile.cl<\/figcaption><\/figure>\n<p><!--more--><\/p>\n<p><strong>La ca\u00edda con la UC:<\/strong> \u00abEstamos frustrados y enojados por el tema que no nos sale el juego. No me gusta perder contra nadie y eso molesta much\u00edsimo, lo \u00fanico que quiero es que revirtamos esto\u00bb<strong>.<\/strong><\/p>\n<p><strong>El irregular tranco de los azules:<\/strong> \u00abCaemos en un juego que no es el nuestro y eso se viene repitiendo hace un tiempo.\u00a0No me gusta ser repetitivo con las cosas, me gustar\u00eda que hoy habl\u00e1ramos de otros resultados, pero las cosas est\u00e1n as\u00ed y las tenemos que cambiar\u201d<\/p>\n<p><strong>\u00bfSemestre cerrado para la \u201cU\u201d?:<\/strong> <strong>\u00ab<\/strong>Hay posibilidades de entrar a la liguilla y es lo que nos queda. Tenemos que pensar en lo que se nos viene<strong>\u00ab.<\/strong><\/p>\n<p><strong>El partido con Uni\u00f3n Calera:<\/strong> \u00abVa a ser un partido dif\u00edcil ante un equipo que pelea por Azyulesevitar el descenso, tenemos que imponernos a eso\u00bb.<\/p>\n<p><strong>An\u00e1lisis de su desempe\u00f1o:<\/strong> \u201cEn mi rendimiento estoy contento, he hecho partidos buenos, no grupalmente, porque no nos han salido los resultados, eso es otro tema y tenemos que resolverlo en el vestuario\u00bb.<\/p>\n<p><strong>\u00bfPosibilidades de jugar este martes?:\u00a0<\/strong>\u00abEl t\u00e9cnico es quien decide si me pone o no. A\u00fan si aguante 35 o 45 minutos, quiero jugar el partido, estoy arriesgando volver de una lesi\u00f3n que fue muy grave, arriesgando volver a lesionarme, pero el equipo me necesita y voy a estar (\u2026) S\u00e9 que estoy dando lo mejor a mis compa\u00f1eros y as\u00ed como intento valorar el esfuerzo que ellos hacen, espero que valoren lo que estoy haciendo\u00bb.<\/p>\n<p><strong>Continuidad de Beccacece al mando de los azules: <\/strong>\u201cYo creo en las oportunidades y el entrenador se merece una. Que nos haya ido mal, no significa que lo tengan que echar y traer otra persona. Ser\u00eda bueno que se quede para tener la revancha de decir \u2018vamos a trabajar m\u00e1s\u2019, \u2018vamos a mejorar\u2019. Siempre banc\u00e1ndolo. No me parece mal entrenador, ha estado con el grupo apoyando siempre.<\/p>\n","protected":false},"excerpt":{"rendered":"","protected":false},"author":21382,"featured_media":9621,"comment_status":"closed","ping_status":"open","sticky":false,"template":"","format":"standard","meta":{"footnotes":""},"categories":[18],"tags":[454,399,80,555,710,157,537,294,497,603,156],"class_list":{"0":"post-9620","1":"post","2":"type-post","3":"status-publish","4":"format-standard","5":"has-post-thumbnail","7":"category-actualidad","8":"tag-actualidad","9":"tag-azules","10":"tag-copa-sudamericana","11":"tag-fabian-monzon","12":"tag-liguilla","13":"tag-portada","14":"tag-sebastian-beccacece","15":"tag-u-de-chile","16":"tag-union-la-calera","17":"tag-universidad-catolica","18":"tag-universidad-de-chile"},"_links":{"self":[{"href":"http:\/\/www.rincondelbulla.cl\/portal\/wp-json\/wp\/v2\/posts\/9620","targetHints":{"allow":["GET"]}}],"collection":[{"href":"http:\/\/www.rincondelbulla.cl\/portal\/wp-json\/wp\/v2\/posts"}],"about":[{"href":"http:\/\/www.rincondelbulla.cl\/portal\/wp-json\/wp\/v2\/types\/post"}],"author":[{"embeddable":true,"href":"http:\/\/www.rincondelbulla.cl\/portal\/wp-json\/wp\/v2\/users\/21382"}],"replies":[{"embeddable":true,"href":"http:\/\/www.rincondelbulla.cl\/portal\/wp-json\/wp\/v2\/comments?post=9620"}],"version-history":[{"count":1,"href":"http:\/\/www.rincondelbulla.cl\/portal\/wp-json\/wp\/v2\/posts\/9620\/revisions"}],"predecessor-version":[{"id":9623,"href":"http:\/\/www.rincondelbulla.cl\/portal\/wp-json\/wp\/v2\/posts\/9620\/revisions\/9623"}],"wp:featuredmedia":[{"embeddable":true,"href":"http:\/\/www.rincondelbulla.cl\/portal\/wp-json\/wp\/v2\/media\/9621"}],"wp:attachment":[{"href":"http:\/\/www.rincondelbulla.cl\/portal\/wp-json\/wp\/v2\/media?parent=9620"}],"wp:term":[{"taxonomy":"category","embeddable":true,"href":"http:\/\/www.rincondelbulla.cl\/portal\/wp-json\/wp\/v2\/categories?post=9620"},{"taxonomy":"post_tag","embeddable":true,"href":"http:\/\/www.rincondelbulla.cl\/portal\/wp-json\/wp\/v2\/tags?post=9620"}],"curies":[{"name":"wp","href":"https:\/\/api.w.org\/{rel}","templated":true}]}}