{"id":9624,"date":"2016-04-25T16:16:32","date_gmt":"2016-04-25T20:16:32","guid":{"rendered":"http:\/\/www.rincondelbulla.cl\/portal\/?p=9624"},"modified":"2016-04-25T16:16:32","modified_gmt":"2016-04-25T20:16:32","slug":"marca-personal-un-equipo-sin-temple","status":"publish","type":"post","link":"http:\/\/www.rincondelbulla.cl\/portal\/2016\/04\/25\/marca-personal-un-equipo-sin-temple\/","title":{"rendered":"Marca Personal: Un equipo sin temple"},"content":{"rendered":"<p><img loading=\"lazy\" decoding=\"async\" class=\"alignnone size-full wp-image-9625\" src=\"http:\/\/www.rincondelbulla.cl\/portal\/wp-content\/uploads\/2016\/04\/cl\u00e1sico.jpg\" alt=\"cl\u00e1sico\" width=\"2048\" height=\"1365\" srcset=\"http:\/\/www.rincondelbulla.cl\/portal\/wp-content\/uploads\/2016\/04\/cl\u00e1sico.jpg 2048w, http:\/\/www.rincondelbulla.cl\/portal\/wp-content\/uploads\/2016\/04\/cl\u00e1sico-300x200.jpg 300w, http:\/\/www.rincondelbulla.cl\/portal\/wp-content\/uploads\/2016\/04\/cl\u00e1sico-768x512.jpg 768w, http:\/\/www.rincondelbulla.cl\/portal\/wp-content\/uploads\/2016\/04\/cl\u00e1sico-1200x800.jpg 1200w, http:\/\/www.rincondelbulla.cl\/portal\/wp-content\/uploads\/2016\/04\/cl\u00e1sico-696x464.jpg 696w, http:\/\/www.rincondelbulla.cl\/portal\/wp-content\/uploads\/2016\/04\/cl\u00e1sico-1068x712.jpg 1068w, http:\/\/www.rincondelbulla.cl\/portal\/wp-content\/uploads\/2016\/04\/cl\u00e1sico-630x420.jpg 630w\" sizes=\"auto, (max-width: 2048px) 100vw, 2048px\" \/><\/p>\n<p><strong>El cl\u00e1sico se jug\u00f3 el fin de semana, y al parecer a\u00fan hay jugadores que no se percataron de que jugaron un partido importante para la afici\u00f3n azul. Lejos del car\u00e1cter que debe tener un equipo que vista la camiseta azul estuvieron los elegidos por Beccacece.<\/strong><\/p>\n<p>Un partido muy discreto fue el que se vi\u00f3 el S\u00e1bado en San Carlos de Apoquindo,  donde los due\u00f1os de casa con lo m\u00ednimo se impusieron a los azules, que como ya parece costumbre a lo largo de este a\u00f1o, no muestran la jerarqu\u00eda, la garra ni las ganas que debe tener cualquier jugador por vestir de azul. La cuenta la abri\u00f3 Fuenzalida para Cat\u00f3lica, emparej\u00f3 las acciones Matias Rodriguez,  y Carre\u00f1o marc\u00f3 el definitivo 2-1 para los locales. Este es el marca personal del Rinc\u00f3n Del Bulla:<\/p>\n<p><strong>25.-Johnny Herrera:  Fue de los pocos jugadores azules que han mostrado temple y autocr\u00edtica durante el magro semestre. Nota 5.0<\/strong><\/p>\n<p><strong>16.-Matias Rodriguez: <\/strong>Si bien marc\u00f3 el empate, ese Rodriguez que deslumbrara entre el 2010 y 2012 es tan solo un recuerdo. Nota 4.0<\/p>\n<p><strong>4.-Osvaldo Gonzalez:<\/strong>  Otro de los jugadores azules que se le nota que corre sangre por sus venas. Nota 4.0<\/p>\n<p><strong>18.-Gonzalo Jara:<\/strong> Si bien no es la figura que uno espera, tampoco hace malos partidos. Nota 4.0<\/p>\n<p><strong>2.-Benjamin Vidal:<\/strong> Muy mal partido de Vidal, que volv\u00eda a la titularidad luego de largo tiempo. Nota 2.0<\/p>\n<p><strong>26.-Guzm\u00e1n Pereira:<\/strong> Como siempre es uno de los jugadores que m\u00e1s corre y mete. Nota 4.5<\/p>\n<p><strong>5.-Mathias Corujo:<\/strong>  No fue un buen partido para el chiche, ni en la recuperaci\u00f3n ni en la generaci\u00f3n. Nota 4.0<\/p>\n<p><strong>22.-Gustavo Lorenzetti:<\/strong> Lorenzetti definitivamente necesite alguien que le ayude en la generaci\u00f3n de juego, se le ve muy solo en esa labor. Nota 4.0<\/p>\n<p><strong>11.- Sebasti\u00e1n Ubilla:<\/strong>No gano un solo duelo en ofensiva, muy pobre el desempe\u00f1o del \u201cConejo\u201d. Nota 3.0<\/p>\n<p><strong>19.-Gustavo Canales:<\/strong> es ver a un ex-jugador de f\u00fatbol jugando contra jugadores activos. Nota 2.0<\/p>\n<p><strong>8.-Patricio Rubio:<\/strong> En partidos donde siempre rinde mucho, Rubio no hizo nada. Nota 2.0<\/p>\n<p><strong>Cambios<\/strong><\/p>\n<p><strong>14.-Nicolas Ramirez (46\u2019 por Vidal):<\/strong>Con su ingreso freno el pasadizo por el sector izquierdo de la defensa. Nota 4.0<\/p>\n<p><strong>10.-Luis Fari\u00f1a (65\u2019 por Corujo)<\/strong>: A\u00fan no muestra nada del talento que supuestamente posee. Nota 3.0<\/p>\n<p><strong>31.-Bruno Miranda (78\u2019por Ubilla):<\/strong> Se le agradecen las ganas puestas en las pelotas que disputo. Nota.- 4.0<\/p>\n","protected":false},"excerpt":{"rendered":"<p>El cl\u00e1sico se jug\u00f3 el fin de semana, y al parecer a\u00fan hay jugadores que no se percataron de que jugaron un partido importante para la afici\u00f3n azul. Lejos del car\u00e1cter que debe tener un equipo que vista la camiseta azul estuvieron los elegidos por Beccacece. Un partido muy discreto fue el que se vi\u00f3 [&#8230;]<\/p>\n","protected":false},"author":21381,"featured_media":9625,"comment_status":"closed","ping_status":"open","sticky":false,"template":"","format":"standard","meta":{"footnotes":""},"categories":[18],"tags":[71,43,602],"class_list":{"0":"post-9624","1":"post","2":"type-post","3":"status-publish","4":"format-standard","5":"has-post-thumbnail","7":"category-actualidad","8":"tag-clasico-universitario","9":"tag-marca-personal","10":"tag-torneo-de-clausura-2015-2016"},"_links":{"self":[{"href":"http:\/\/www.rincondelbulla.cl\/portal\/wp-json\/wp\/v2\/posts\/9624","targetHints":{"allow":["GET"]}}],"collection":[{"href":"http:\/\/www.rincondelbulla.cl\/portal\/wp-json\/wp\/v2\/posts"}],"about":[{"href":"http:\/\/www.rincondelbulla.cl\/portal\/wp-json\/wp\/v2\/types\/post"}],"author":[{"embeddable":true,"href":"http:\/\/www.rincondelbulla.cl\/portal\/wp-json\/wp\/v2\/users\/21381"}],"replies":[{"embeddable":true,"href":"http:\/\/www.rincondelbulla.cl\/portal\/wp-json\/wp\/v2\/comments?post=9624"}],"version-history":[{"count":1,"href":"http:\/\/www.rincondelbulla.cl\/portal\/wp-json\/wp\/v2\/posts\/9624\/revisions"}],"predecessor-version":[{"id":9626,"href":"http:\/\/www.rincondelbulla.cl\/portal\/wp-json\/wp\/v2\/posts\/9624\/revisions\/9626"}],"wp:featuredmedia":[{"embeddable":true,"href":"http:\/\/www.rincondelbulla.cl\/portal\/wp-json\/wp\/v2\/media\/9625"}],"wp:attachment":[{"href":"http:\/\/www.rincondelbulla.cl\/portal\/wp-json\/wp\/v2\/media?parent=9624"}],"wp:term":[{"taxonomy":"category","embeddable":true,"href":"http:\/\/www.rincondelbulla.cl\/portal\/wp-json\/wp\/v2\/categories?post=9624"},{"taxonomy":"post_tag","embeddable":true,"href":"http:\/\/www.rincondelbulla.cl\/portal\/wp-json\/wp\/v2\/tags?post=9624"}],"curies":[{"name":"wp","href":"https:\/\/api.w.org\/{rel}","templated":true}]}}