{"id":9627,"date":"2016-04-26T21:13:04","date_gmt":"2016-04-27T01:13:04","guid":{"rendered":"http:\/\/www.rincondelbulla.cl\/portal\/?p=9627"},"modified":"2016-04-26T21:13:04","modified_gmt":"2016-04-27T01:13:04","slug":"la-u-empato-sobre-la-hora-en-el-nacional","status":"publish","type":"post","link":"http:\/\/www.rincondelbulla.cl\/portal\/2016\/04\/26\/la-u-empato-sobre-la-hora-en-el-nacional\/","title":{"rendered":"La U empat\u00f3 sobre la hora en el Nacional"},"content":{"rendered":"<p><img loading=\"lazy\" decoding=\"async\" class=\"alignright size-full wp-image-9478\" src=\"http:\/\/www.rincondelbulla.cl\/portal\/wp-content\/uploads\/2016\/04\/Salida-Equipo.jpg\" alt=\"Salida Equipo\" width=\"960\" height=\"640\" srcset=\"http:\/\/www.rincondelbulla.cl\/portal\/wp-content\/uploads\/2016\/04\/Salida-Equipo.jpg 960w, http:\/\/www.rincondelbulla.cl\/portal\/wp-content\/uploads\/2016\/04\/Salida-Equipo-300x200.jpg 300w, http:\/\/www.rincondelbulla.cl\/portal\/wp-content\/uploads\/2016\/04\/Salida-Equipo-768x512.jpg 768w, http:\/\/www.rincondelbulla.cl\/portal\/wp-content\/uploads\/2016\/04\/Salida-Equipo-696x464.jpg 696w, http:\/\/www.rincondelbulla.cl\/portal\/wp-content\/uploads\/2016\/04\/Salida-Equipo-630x420.jpg 630w\" sizes=\"auto, (max-width: 960px) 100vw, 960px\" \/><\/p>\n<p><strong>Universidad de Chile empat\u00f3 2-2 ante Uni\u00f3n La Calera en un partido dif\u00edcil y cuyo resultado envi\u00f3 a la Primera B al equipo calerano. Carmona y Mat\u00edas Rodr\u00edguez anotaron para la U.<\/strong><\/p>\n<p><!--more--><\/p>\n<p>El primer tiempo fue parejo para ambas escuadras, pero ofensivamente La Calera propus\u00f3 m\u00e1s. De este modo llegar\u00eda la apetura de la cuenta, tras algunas desatenciones en la defensa azul la pelota le quedar\u00eda de lleno a Serrano que la envi\u00f3 al fondo con un remate cruzado.<\/p>\n<p>La U se fue perdiendo a los vestuarios por la m\u00ednima.<\/p>\n<p>En la segunda mitad, el equipo de Beccacece propondr\u00eda algo m\u00e1s, con algunos cambios desde el arranque, como Rubio, Fari\u00f1a y Corujo. Con participaci\u00f3n de este \u00faltimo, en dudosa posici\u00f3n, llegar\u00eda el empate azul de la mano de Fabi\u00e1n Carmona.<\/p>\n<p>Los azules pudieron ponerse arriba en el marcador cuando Patricio Rubio entr\u00f3 solo al \u00e1rea rival, sin embargo no pudo contra el portero calerano que desvi\u00f3 el remate.<\/p>\n<p>Con la garra charr\u00faa de Corujo y Guzm\u00e1n los azules tratar\u00edan de hacer algo m\u00e1s, pero la defensa volver\u00eda a sucumbir. Tras falta y penal La Calera volver\u00eda a ponerse arriba en el marcador. Pero la alegr\u00eda no dur\u00f3 mucho y dos minutos m\u00e1s tarde Mat\u00edas Rodr\u00edguez anotar\u00eda un certero cabezazo decretando el empate definitivo.<\/p>\n<p>Uni\u00f3n La Calera al descenso y la U alcanz\u00f3 la octava posici\u00f3n de un torneo para el olvido.<\/p>\n","protected":false},"excerpt":{"rendered":"<p>Universidad de Chile empat\u00f3 2-2 ante Uni\u00f3n La Calera en un partido dif\u00edcil y cuyo resultado envi\u00f3 a la Primera B al equipo calerano. Carmona y Mat\u00edas Rodr\u00edguez anotaron para la U.<\/p>\n","protected":false},"author":21383,"featured_media":9478,"comment_status":"closed","ping_status":"open","sticky":false,"template":"","format":"standard","meta":{"footnotes":""},"categories":[18],"tags":[629,727,157],"class_list":{"0":"post-9627","1":"post","2":"type-post","3":"status-publish","4":"format-standard","5":"has-post-thumbnail","7":"category-actualidad","8":"tag-vamoslau","9":"tag-la-calera","10":"tag-portada"},"_links":{"self":[{"href":"http:\/\/www.rincondelbulla.cl\/portal\/wp-json\/wp\/v2\/posts\/9627","targetHints":{"allow":["GET"]}}],"collection":[{"href":"http:\/\/www.rincondelbulla.cl\/portal\/wp-json\/wp\/v2\/posts"}],"about":[{"href":"http:\/\/www.rincondelbulla.cl\/portal\/wp-json\/wp\/v2\/types\/post"}],"author":[{"embeddable":true,"href":"http:\/\/www.rincondelbulla.cl\/portal\/wp-json\/wp\/v2\/users\/21383"}],"replies":[{"embeddable":true,"href":"http:\/\/www.rincondelbulla.cl\/portal\/wp-json\/wp\/v2\/comments?post=9627"}],"version-history":[{"count":1,"href":"http:\/\/www.rincondelbulla.cl\/portal\/wp-json\/wp\/v2\/posts\/9627\/revisions"}],"predecessor-version":[{"id":9628,"href":"http:\/\/www.rincondelbulla.cl\/portal\/wp-json\/wp\/v2\/posts\/9627\/revisions\/9628"}],"wp:featuredmedia":[{"embeddable":true,"href":"http:\/\/www.rincondelbulla.cl\/portal\/wp-json\/wp\/v2\/media\/9478"}],"wp:attachment":[{"href":"http:\/\/www.rincondelbulla.cl\/portal\/wp-json\/wp\/v2\/media?parent=9627"}],"wp:term":[{"taxonomy":"category","embeddable":true,"href":"http:\/\/www.rincondelbulla.cl\/portal\/wp-json\/wp\/v2\/categories?post=9627"},{"taxonomy":"post_tag","embeddable":true,"href":"http:\/\/www.rincondelbulla.cl\/portal\/wp-json\/wp\/v2\/tags?post=9627"}],"curies":[{"name":"wp","href":"https:\/\/api.w.org\/{rel}","templated":true}]}}