{"id":9636,"date":"2016-04-27T18:11:15","date_gmt":"2016-04-27T22:11:15","guid":{"rendered":"http:\/\/www.rincondelbulla.cl\/portal\/?p=9636"},"modified":"2016-04-27T18:11:15","modified_gmt":"2016-04-27T22:11:15","slug":"marca-personal-la-farra-continua","status":"publish","type":"post","link":"http:\/\/www.rincondelbulla.cl\/portal\/2016\/04\/27\/marca-personal-la-farra-continua\/","title":{"rendered":"Marca Personal: La farra continua"},"content":{"rendered":"<p><img loading=\"lazy\" decoding=\"async\" src=\"http:\/\/www.rincondelbulla.cl\/portal\/wp-content\/uploads\/2016\/04\/13047792_10208234146304848_4915143282297729406_o.jpg\" alt=\"13047792_10208234146304848_4915143282297729406_o\" width=\"2048\" height=\"1365\" class=\"alignnone size-full wp-image-9637\" srcset=\"http:\/\/www.rincondelbulla.cl\/portal\/wp-content\/uploads\/2016\/04\/13047792_10208234146304848_4915143282297729406_o.jpg 2048w, http:\/\/www.rincondelbulla.cl\/portal\/wp-content\/uploads\/2016\/04\/13047792_10208234146304848_4915143282297729406_o-300x200.jpg 300w, http:\/\/www.rincondelbulla.cl\/portal\/wp-content\/uploads\/2016\/04\/13047792_10208234146304848_4915143282297729406_o-768x512.jpg 768w, http:\/\/www.rincondelbulla.cl\/portal\/wp-content\/uploads\/2016\/04\/13047792_10208234146304848_4915143282297729406_o-1200x800.jpg 1200w, http:\/\/www.rincondelbulla.cl\/portal\/wp-content\/uploads\/2016\/04\/13047792_10208234146304848_4915143282297729406_o-696x464.jpg 696w, http:\/\/www.rincondelbulla.cl\/portal\/wp-content\/uploads\/2016\/04\/13047792_10208234146304848_4915143282297729406_o-1068x712.jpg 1068w, http:\/\/www.rincondelbulla.cl\/portal\/wp-content\/uploads\/2016\/04\/13047792_10208234146304848_4915143282297729406_o-630x420.jpg 630w\" sizes=\"auto, (max-width: 2048px) 100vw, 2048px\" \/><\/p>\n<p><strong>Ayer vimos el peor primer tiempo del a\u00f1o junto a Beccacece como entrenador, lo que es harto decir a estas alturas del semestre donde el equipo ya deber\u00eda haber agarrado vuelo y no verse sobrepasado por una modestisima Uni\u00f3n la Calera. <\/strong><\/p>\n<p>El equipo ya deber\u00eda abandonar ese estilo de juego, si es que lo tiene, en que deja jugar al rival, y se muestran tontos e inocuos ante ataques rivales. Hay varios jugadores que deber\u00edan empezar a despedirse del equipo tambi\u00e9n, lo mostrado en el primer tiempo de ayer es digno de un equipo sin experiencia, o de jugadores que no sienten la camiseta azul. Pese a ellos los hinchas azules cantaron durante los noventa largos minutos del encuentro frente a un equipo casi descendido. Este es el Marca Personal del Rinc\u00f3n del Bulla:<\/p>\n<p><strong>25.-Johnny Herrera:  Johnny por segundo partido consecutivo es de lo mejor que muestra el equipo. Nota 5.0<\/strong><\/p>\n<p><strong>16.-Matias Rodriguez:<\/strong> Marc\u00f3 el empate a dos goles, y luego recibi\u00f3 la segunda amarilla. Al igual que en todo el torneo, sigue sin convencer. Nota 4.0<\/p>\n<p><strong>4.-Osvaldo Gonzalez:<\/strong>  Sigue siendo el mejor de la saga azul, pese a que tiene un seleccionado a su lado, sigue siendo de lo mejor al fondo. Nota 4.0<\/p>\n<p><strong>18.-Gonzalo Jara:<\/strong> Muy mal partido de Gonzalo Jara, desordenado, esa es la palabra que define su partido. Nota 3.0<\/p>\n<p><strong>3.-Fabi\u00e1n Moz\u00f3n:<\/strong> Anunci\u00f3 que estaba lesionado, y no hizo nada por no hacer notar esa lesi\u00f3n. Ni siquiera en los tiros libres se sobreexigi\u00f3. Nota 3.0<\/p>\n<p><strong>26.-Guzm\u00e1n Pereira:<\/strong> Pelea cada pelota como si fuera la \u00faltima, aunque sus compa\u00f1eros no hagan lo mismo. Nota 5.0<\/p>\n<p><strong>6.-Sebasti\u00e1n Mart\u00ednez:<\/strong> No hace nada para convertirse en titular indiscutido, ni tampoco por convertirse en \u201cChino\u201d en lugar de \u201cChinito\u201d. Nota 4.0<\/p>\n<p><strong>22.-Gustavo Lorenzetti: <\/strong>Jugar dos partidos tan seguido no le viene bien al \u201cDuende Azul\u201d, anduvo desaparecido e impreciso. Nota 3.0<\/p>\n<p><strong>20.-Fab\u00edan Carmona:<\/strong> Ya no es juvenil y sigue jugando como juvenil. Intrascendente. Nota:2.0<\/p>\n<p><strong>11.- Sebasti\u00e1n Ubilla:<\/strong> Lo de Ubilla ya es casi como una rutina de humor, es de los pocos jugadores que han jugado todos los partidos de local. Al parecer no hay m\u00e1s. Nota 3.0<\/p>\n<p><strong>32.-Bruno Miranda:<\/strong> Le pone ganas, pero se nota a la legua que es un juvenil, aunque el rival sea Uni\u00f3n La Calera. Nota 4.0<\/p>\n<p><strong>Cambios<\/strong><\/p>\n<p><strong>8.-Patricio Rubio  (46\u2019 por Mart\u00ednezl):<\/strong> Se perdi\u00f3n un Gol solo, pero solo solo, ya basta Patricio. Nota 2.0<\/p>\n<p><strong>10.-Luis Fari\u00f1a (46\u2019 por Miranda):<\/strong> Le quedan tan solo 90 minutos para demostrar que pudo haber sido un buen refuerzo. Nota 2.0<\/p>\n<p><strong>5.-Mathias Corujo (46\u2019 por Monz\u00f3n):<\/strong>M Corre y mete como uruguayo, sin duda debe ser titular y continuar de azul. Nota 5.0<\/p>\n","protected":false},"excerpt":{"rendered":"<p>Ayer vimos el peor primer tiempo del a\u00f1o junto a Beccacece como entrenador, lo que es harto decir a estas alturas del semestre donde el equipo ya deber\u00eda haber agarrado vuelo y no verse sobrepasado por una modestisima Uni\u00f3n la Calera. El equipo ya deber\u00eda abandonar ese estilo de juego, si es que lo tiene, [&#8230;]<\/p>\n","protected":false},"author":21381,"featured_media":9637,"comment_status":"closed","ping_status":"open","sticky":false,"template":"","format":"standard","meta":{"footnotes":""},"categories":[18],"tags":[43,602,497],"class_list":{"0":"post-9636","1":"post","2":"type-post","3":"status-publish","4":"format-standard","5":"has-post-thumbnail","7":"category-actualidad","8":"tag-marca-personal","9":"tag-torneo-de-clausura-2015-2016","10":"tag-union-la-calera"},"_links":{"self":[{"href":"http:\/\/www.rincondelbulla.cl\/portal\/wp-json\/wp\/v2\/posts\/9636","targetHints":{"allow":["GET"]}}],"collection":[{"href":"http:\/\/www.rincondelbulla.cl\/portal\/wp-json\/wp\/v2\/posts"}],"about":[{"href":"http:\/\/www.rincondelbulla.cl\/portal\/wp-json\/wp\/v2\/types\/post"}],"author":[{"embeddable":true,"href":"http:\/\/www.rincondelbulla.cl\/portal\/wp-json\/wp\/v2\/users\/21381"}],"replies":[{"embeddable":true,"href":"http:\/\/www.rincondelbulla.cl\/portal\/wp-json\/wp\/v2\/comments?post=9636"}],"version-history":[{"count":1,"href":"http:\/\/www.rincondelbulla.cl\/portal\/wp-json\/wp\/v2\/posts\/9636\/revisions"}],"predecessor-version":[{"id":9638,"href":"http:\/\/www.rincondelbulla.cl\/portal\/wp-json\/wp\/v2\/posts\/9636\/revisions\/9638"}],"wp:featuredmedia":[{"embeddable":true,"href":"http:\/\/www.rincondelbulla.cl\/portal\/wp-json\/wp\/v2\/media\/9637"}],"wp:attachment":[{"href":"http:\/\/www.rincondelbulla.cl\/portal\/wp-json\/wp\/v2\/media?parent=9636"}],"wp:term":[{"taxonomy":"category","embeddable":true,"href":"http:\/\/www.rincondelbulla.cl\/portal\/wp-json\/wp\/v2\/categories?post=9636"},{"taxonomy":"post_tag","embeddable":true,"href":"http:\/\/www.rincondelbulla.cl\/portal\/wp-json\/wp\/v2\/tags?post=9636"}],"curies":[{"name":"wp","href":"https:\/\/api.w.org\/{rel}","templated":true}]}}