{"id":9655,"date":"2016-05-02T19:29:17","date_gmt":"2016-05-02T23:29:17","guid":{"rendered":"http:\/\/www.rincondelbulla.cl\/portal\/?p=9655"},"modified":"2016-05-02T19:39:06","modified_gmt":"2016-05-02T23:39:06","slug":"el-conejo-ubilla-renovara-contrato-con-la-u","status":"publish","type":"post","link":"http:\/\/www.rincondelbulla.cl\/portal\/2016\/05\/02\/el-conejo-ubilla-renovara-contrato-con-la-u\/","title":{"rendered":"\u00abEl Conejo\u00bb Ubilla renovar\u00e1 contrato con la U"},"content":{"rendered":"<figure id=\"attachment_9656\" aria-describedby=\"caption-attachment-9656\" style=\"width: 1000px\" class=\"wp-caption aligncenter\"><img loading=\"lazy\" decoding=\"async\" class=\"size-full wp-image-9656\" src=\"http:\/\/www.rincondelbulla.cl\/portal\/wp-content\/uploads\/2016\/05\/10.jpg\" alt=\"Foto: Claudio C\u00e1ceres\" width=\"1000\" height=\"845\" srcset=\"http:\/\/www.rincondelbulla.cl\/portal\/wp-content\/uploads\/2016\/05\/10.jpg 1000w, http:\/\/www.rincondelbulla.cl\/portal\/wp-content\/uploads\/2016\/05\/10-300x254.jpg 300w, http:\/\/www.rincondelbulla.cl\/portal\/wp-content\/uploads\/2016\/05\/10-768x649.jpg 768w, http:\/\/www.rincondelbulla.cl\/portal\/wp-content\/uploads\/2016\/05\/10-696x588.jpg 696w, http:\/\/www.rincondelbulla.cl\/portal\/wp-content\/uploads\/2016\/05\/10-497x420.jpg 497w\" sizes=\"auto, (max-width: 1000px) 100vw, 1000px\" \/><figcaption id=\"caption-attachment-9656\" class=\"wp-caption-text\">Foto: Claudio C\u00e1ceres<\/figcaption><\/figure>\n<p class=\"p1\"><strong><span class=\"s1\">Sebasti\u00e1n Ubilla fue operado el pasado s\u00e1bado debido a la fractura\u00a0de tibia y peron\u00e9<span class=\"Apple-converted-space\">\u00a0que sufri\u00f3\u00a0<\/span>en su pierna derecha en el partido ante Huachipato. El \u201cconejo\u201d podr\u00eda volver antes de lo presupuestado a las canchas, debido a que el peron\u00e9 se recupera sin grandes complicaciones, aunque ser\u00edan seis meses de espera para volver a trabajar con bal\u00f3n.<\/span><\/strong><!--more--><\/p>\n<p class=\"p1\"><strong><em>Por: Fabiola Cisterna<\/em><\/strong><\/p>\n<p class=\"p1\"><span class=\"s1\">Con respecto a la operaci\u00f3n, el doctor Alejandro Orizola, dijo que \u201cse le realiz\u00f3 una ostios\u00edntesis de tibia con un clavo endomedular bloqueado. Fue una cirug\u00eda sin incidentes y se estima un plazo de recuperaci\u00f3n m\u00ednimo de seis meses para volver a las canchas. Ser\u00e1 dado de alta en dos d\u00edas (hoy lunes)\u201d.<\/span><\/p>\n<p class=\"p1\"><span class=\"s1\">En relaci\u00f3n\u00a0a su continuidad en la U, Sebasti\u00e1n Ubilla firmar\u00eda dentro de los pr\u00f3ximos d\u00edas un nuevo contrato con los azules, que le permitir\u00eda permanecer durante el segundo semestre en\u00a0el cuadro laico .<\/span><\/p>\n","protected":false},"excerpt":{"rendered":"<p>Sebasti\u00e1n Ubilla fue operado el pasado s\u00e1bado debido a la fractura\u00a0de tibia y peron\u00e9\u00a0que sufri\u00f3\u00a0en su pierna derecha en el partido ante Huachipato. El \u201cconejo\u201d podr\u00eda volver antes de lo presupuestado a las canchas, debido a que el peron\u00e9 se recupera sin grandes complicaciones, aunque ser\u00edan seis meses de espera para volver a trabajar con [&#8230;]<\/p>\n","protected":false},"author":56,"featured_media":9656,"comment_status":"closed","ping_status":"open","sticky":false,"template":"","format":"standard","meta":{"footnotes":""},"categories":[18],"tags":[454,70,269,156],"class_list":{"0":"post-9655","1":"post","2":"type-post","3":"status-publish","4":"format-standard","5":"has-post-thumbnail","7":"category-actualidad","8":"tag-actualidad","9":"tag-movidas","10":"tag-ubilla","11":"tag-universidad-de-chile"},"_links":{"self":[{"href":"http:\/\/www.rincondelbulla.cl\/portal\/wp-json\/wp\/v2\/posts\/9655","targetHints":{"allow":["GET"]}}],"collection":[{"href":"http:\/\/www.rincondelbulla.cl\/portal\/wp-json\/wp\/v2\/posts"}],"about":[{"href":"http:\/\/www.rincondelbulla.cl\/portal\/wp-json\/wp\/v2\/types\/post"}],"author":[{"embeddable":true,"href":"http:\/\/www.rincondelbulla.cl\/portal\/wp-json\/wp\/v2\/users\/56"}],"replies":[{"embeddable":true,"href":"http:\/\/www.rincondelbulla.cl\/portal\/wp-json\/wp\/v2\/comments?post=9655"}],"version-history":[{"count":2,"href":"http:\/\/www.rincondelbulla.cl\/portal\/wp-json\/wp\/v2\/posts\/9655\/revisions"}],"predecessor-version":[{"id":9661,"href":"http:\/\/www.rincondelbulla.cl\/portal\/wp-json\/wp\/v2\/posts\/9655\/revisions\/9661"}],"wp:featuredmedia":[{"embeddable":true,"href":"http:\/\/www.rincondelbulla.cl\/portal\/wp-json\/wp\/v2\/media\/9656"}],"wp:attachment":[{"href":"http:\/\/www.rincondelbulla.cl\/portal\/wp-json\/wp\/v2\/media?parent=9655"}],"wp:term":[{"taxonomy":"category","embeddable":true,"href":"http:\/\/www.rincondelbulla.cl\/portal\/wp-json\/wp\/v2\/categories?post=9655"},{"taxonomy":"post_tag","embeddable":true,"href":"http:\/\/www.rincondelbulla.cl\/portal\/wp-json\/wp\/v2\/tags?post=9655"}],"curies":[{"name":"wp","href":"https:\/\/api.w.org\/{rel}","templated":true}]}}