{"id":9658,"date":"2016-05-02T19:36:22","date_gmt":"2016-05-02T23:36:22","guid":{"rendered":"http:\/\/www.rincondelbulla.cl\/portal\/?p=9658"},"modified":"2016-05-02T19:38:28","modified_gmt":"2016-05-02T23:38:28","slug":"el-coraje-de-guzman-se-queda-en-la-u-estoy-feliz-aqui","status":"publish","type":"post","link":"http:\/\/www.rincondelbulla.cl\/portal\/2016\/05\/02\/el-coraje-de-guzman-se-queda-en-la-u-estoy-feliz-aqui\/","title":{"rendered":"El coraje de Guzm\u00e1n se queda en la U: \u201cEstoy feliz aqu\u00ed\u201d"},"content":{"rendered":"<figure id=\"attachment_6753\" aria-describedby=\"caption-attachment-6753\" style=\"width: 1100px\" class=\"wp-caption aligncenter\"><img loading=\"lazy\" decoding=\"async\" class=\"size-full wp-image-6753\" src=\"http:\/\/www.rincondelbulla.cl\/portal\/wp-content\/uploads\/2015\/01\/guzman-pereira4.jpg\" alt=\"Foto: Claudio C\u00e1ceres\" width=\"1100\" height=\"700\" srcset=\"http:\/\/www.rincondelbulla.cl\/portal\/wp-content\/uploads\/2015\/01\/guzman-pereira4.jpg 1100w, http:\/\/www.rincondelbulla.cl\/portal\/wp-content\/uploads\/2015\/01\/guzman-pereira4-300x191.jpg 300w, http:\/\/www.rincondelbulla.cl\/portal\/wp-content\/uploads\/2015\/01\/guzman-pereira4-768x489.jpg 768w, http:\/\/www.rincondelbulla.cl\/portal\/wp-content\/uploads\/2015\/01\/guzman-pereira4-696x443.jpg 696w, http:\/\/www.rincondelbulla.cl\/portal\/wp-content\/uploads\/2015\/01\/guzman-pereira4-1068x680.jpg 1068w, http:\/\/www.rincondelbulla.cl\/portal\/wp-content\/uploads\/2015\/01\/guzman-pereira4-660x420.jpg 660w\" sizes=\"auto, (max-width: 1100px) 100vw, 1100px\" \/><figcaption id=\"caption-attachment-6753\" class=\"wp-caption-text\">Foto: Claudio C\u00e1ceres<\/figcaption><\/figure>\n<p class=\"p1\"><strong><span class=\"s1\">El mal campeonato que tuvo<span class=\"Apple-converted-space\">\u00a0 <\/span>Universidad de Chile, deja algunas dudas con respecto a la continuidad de algunos de los jugadores del plantel, del cuerpo t\u00e9cnico y el DT, Sebasti\u00e1n Beccacece, sin embargo ya se dan de luces de quienes seguir\u00eda, Pereira tiene el respaldo de la hinchada.<\/span><\/strong><\/p>\n<p class=\"p1\"><!--more--><\/p>\n<p class=\"p1\"><strong><em>Por: Fabiola Cisterna<\/em><\/strong><\/p>\n<p class=\"p1\"><span class=\"s1\">Una de las posibles figuras que partir\u00eda<span class=\"Apple-converted-space\">\u00a0 <\/span>de los azules, a pesar de tener contrato por dos a\u00f1os m\u00e1s con la U, es Ricardo Guzm\u00e1n Pereira, sin embargo, el uruguayo inform\u00f3 al diario La Cuarta que \u201c<strong>Se hablan muchas cosas, pero yo no s\u00e9 nada\u201d, adem\u00e1s agreg\u00f3: \u201cYo estoy feliz aqu\u00ed y tengo contrato con la U, no s\u00e9 nada m\u00e1s al respecto<\/strong>\u201d.<\/span><\/p>\n<p class=\"p1\"><span class=\"s1\">Por el momento el futuro del charr\u00faa es m\u00e1s azul, pero mientras espera su destino, el volante\u00a0deber\u00e1 partir a su pa\u00eds, para integrarse\u00a0a los entrenamientos de la selecci\u00f3n uruguaya previos a la Copa Am\u00e9rica Centenario.<\/span><\/p>\n<p class=\"p1\">\n","protected":false},"excerpt":{"rendered":"<p>El mal campeonato que tuvo\u00a0 Universidad de Chile, deja algunas dudas con respecto a la continuidad de algunos de los jugadores del plantel, del cuerpo t\u00e9cnico y el DT, Sebasti\u00e1n Beccacece, sin embargo ya se dan de luces de quienes seguir\u00eda, Pereira tiene el respaldo de la hinchada.<\/p>\n","protected":false},"author":56,"featured_media":6753,"comment_status":"closed","ping_status":"open","sticky":false,"template":"","format":"standard","meta":{"footnotes":""},"categories":[18],"tags":[454,281,70,157,156],"class_list":{"0":"post-9658","1":"post","2":"type-post","3":"status-publish","4":"format-standard","5":"has-post-thumbnail","7":"category-actualidad","8":"tag-actualidad","9":"tag-guzman-pereira","10":"tag-movidas","11":"tag-portada","12":"tag-universidad-de-chile"},"_links":{"self":[{"href":"http:\/\/www.rincondelbulla.cl\/portal\/wp-json\/wp\/v2\/posts\/9658","targetHints":{"allow":["GET"]}}],"collection":[{"href":"http:\/\/www.rincondelbulla.cl\/portal\/wp-json\/wp\/v2\/posts"}],"about":[{"href":"http:\/\/www.rincondelbulla.cl\/portal\/wp-json\/wp\/v2\/types\/post"}],"author":[{"embeddable":true,"href":"http:\/\/www.rincondelbulla.cl\/portal\/wp-json\/wp\/v2\/users\/56"}],"replies":[{"embeddable":true,"href":"http:\/\/www.rincondelbulla.cl\/portal\/wp-json\/wp\/v2\/comments?post=9658"}],"version-history":[{"count":2,"href":"http:\/\/www.rincondelbulla.cl\/portal\/wp-json\/wp\/v2\/posts\/9658\/revisions"}],"predecessor-version":[{"id":9660,"href":"http:\/\/www.rincondelbulla.cl\/portal\/wp-json\/wp\/v2\/posts\/9658\/revisions\/9660"}],"wp:featuredmedia":[{"embeddable":true,"href":"http:\/\/www.rincondelbulla.cl\/portal\/wp-json\/wp\/v2\/media\/6753"}],"wp:attachment":[{"href":"http:\/\/www.rincondelbulla.cl\/portal\/wp-json\/wp\/v2\/media?parent=9658"}],"wp:term":[{"taxonomy":"category","embeddable":true,"href":"http:\/\/www.rincondelbulla.cl\/portal\/wp-json\/wp\/v2\/categories?post=9658"},{"taxonomy":"post_tag","embeddable":true,"href":"http:\/\/www.rincondelbulla.cl\/portal\/wp-json\/wp\/v2\/tags?post=9658"}],"curies":[{"name":"wp","href":"https:\/\/api.w.org\/{rel}","templated":true}]}}