{"id":9662,"date":"2016-05-02T20:10:47","date_gmt":"2016-05-03T00:10:47","guid":{"rendered":"http:\/\/www.rincondelbulla.cl\/portal\/?p=9662"},"modified":"2016-05-02T20:19:12","modified_gmt":"2016-05-03T00:19:12","slug":"bruno-miranda-se-ilusiona-con-la-verde-es-un-orgullo-que-me-tomen-en-cuenta","status":"publish","type":"post","link":"http:\/\/www.rincondelbulla.cl\/portal\/2016\/05\/02\/bruno-miranda-se-ilusiona-con-la-verde-es-un-orgullo-que-me-tomen-en-cuenta\/","title":{"rendered":"Bruno Miranda se ilusiona con La Verde: \u00abEs un orgullo que me tomen en cuenta\u00bb"},"content":{"rendered":"<p><img loading=\"lazy\" decoding=\"async\" class=\"alignright size-full wp-image-9663\" src=\"http:\/\/www.rincondelbulla.cl\/portal\/wp-content\/uploads\/2016\/05\/461.jpg\" alt=\"46(1)\" width=\"1100\" height=\"733\" srcset=\"http:\/\/www.rincondelbulla.cl\/portal\/wp-content\/uploads\/2016\/05\/461.jpg 1100w, http:\/\/www.rincondelbulla.cl\/portal\/wp-content\/uploads\/2016\/05\/461-300x200.jpg 300w, http:\/\/www.rincondelbulla.cl\/portal\/wp-content\/uploads\/2016\/05\/461-768x512.jpg 768w, http:\/\/www.rincondelbulla.cl\/portal\/wp-content\/uploads\/2016\/05\/461-696x464.jpg 696w, http:\/\/www.rincondelbulla.cl\/portal\/wp-content\/uploads\/2016\/05\/461-1068x712.jpg 1068w, http:\/\/www.rincondelbulla.cl\/portal\/wp-content\/uploads\/2016\/05\/461-630x420.jpg 630w\" sizes=\"auto, (max-width: 1100px) 100vw, 1100px\" \/><\/p>\n<p><strong>Universidad de Chile sum\u00f3 un nuevo seleccionado internacional. Se trata del boliviano, Bruno Miranda, que lleg\u00f3 al equipo azul a mediados del a\u00f1o pasado.<\/strong><\/p>\n<p><!--more--><\/p>\n<p>Corr\u00eda el mes de marzo y Sebasti\u00e1n Beccacece preparaba el cl\u00e1sico contra Colo-Colo. Con la oncena titular pr\u00e1cticamente lista, Corujo cay\u00f3 a la cl\u00ednica por un cuadro de apendicitis, quedando fuera del duelo.<\/p>\n<p>En su lugar Beccacece pens\u00f3 en el juvenil boliviano, Bruno Miranda, un desconocido para muchos.<\/p>\n<p>As\u00ed, el delantero disput\u00f3 sus primeros minutos con la U en el empate sin goles. En las \u00faltimas fechas el altipl\u00e1nico fue una pieza clave\u00a0en el equipo, generalmente reemplazando a Patricio Rubio.<\/p>\n<p>Las regulares actuaciones del delantero le valieron estar en la pre-n\u00f3mina de la Selecci\u00f3n de Bolivia para la Copa Am\u00e9rica del Centenario.<\/p>\n<p>\u00ab<strong>Es un orgullo que me tomen en cuenta, a mi corta edad, para representar a mi pa\u00eds. Es algo que todo futbolista busca en su carrera\u00bb, <\/strong>afirm\u00f3 Miranda.<\/p>\n<p><strong>\u00abAyud\u00f3 mucho estar aqu\u00ed. Todos conocemos lo que es la U, que es bien vista en todos lados. Me ha servido mucho estar entrenando ya con el Primer Equipo, con muchos jugadores que son seleccionados\u201d<\/strong>, finaliz\u00f3 el joven delantero.<\/p>\n<p>&nbsp;<\/p>\n","protected":false},"excerpt":{"rendered":"<p>Universidad de Chile sum\u00f3 un nuevo seleccionado internacional. Se trata del boliviano, Bruno Miranda, que lleg\u00f3 al equipo azul a mediados del a\u00f1o pasado.<\/p>\n","protected":false},"author":21383,"featured_media":9663,"comment_status":"closed","ping_status":"open","sticky":false,"template":"","format":"standard","meta":{"footnotes":""},"categories":[18],"tags":[739,157],"class_list":{"0":"post-9662","1":"post","2":"type-post","3":"status-publish","4":"format-standard","5":"has-post-thumbnail","7":"category-actualidad","8":"tag-miranda","9":"tag-portada"},"_links":{"self":[{"href":"http:\/\/www.rincondelbulla.cl\/portal\/wp-json\/wp\/v2\/posts\/9662","targetHints":{"allow":["GET"]}}],"collection":[{"href":"http:\/\/www.rincondelbulla.cl\/portal\/wp-json\/wp\/v2\/posts"}],"about":[{"href":"http:\/\/www.rincondelbulla.cl\/portal\/wp-json\/wp\/v2\/types\/post"}],"author":[{"embeddable":true,"href":"http:\/\/www.rincondelbulla.cl\/portal\/wp-json\/wp\/v2\/users\/21383"}],"replies":[{"embeddable":true,"href":"http:\/\/www.rincondelbulla.cl\/portal\/wp-json\/wp\/v2\/comments?post=9662"}],"version-history":[{"count":3,"href":"http:\/\/www.rincondelbulla.cl\/portal\/wp-json\/wp\/v2\/posts\/9662\/revisions"}],"predecessor-version":[{"id":9666,"href":"http:\/\/www.rincondelbulla.cl\/portal\/wp-json\/wp\/v2\/posts\/9662\/revisions\/9666"}],"wp:featuredmedia":[{"embeddable":true,"href":"http:\/\/www.rincondelbulla.cl\/portal\/wp-json\/wp\/v2\/media\/9663"}],"wp:attachment":[{"href":"http:\/\/www.rincondelbulla.cl\/portal\/wp-json\/wp\/v2\/media?parent=9662"}],"wp:term":[{"taxonomy":"category","embeddable":true,"href":"http:\/\/www.rincondelbulla.cl\/portal\/wp-json\/wp\/v2\/categories?post=9662"},{"taxonomy":"post_tag","embeddable":true,"href":"http:\/\/www.rincondelbulla.cl\/portal\/wp-json\/wp\/v2\/tags?post=9662"}],"curies":[{"name":"wp","href":"https:\/\/api.w.org\/{rel}","templated":true}]}}