{"id":9682,"date":"2016-05-04T06:48:06","date_gmt":"2016-05-04T10:48:06","guid":{"rendered":"http:\/\/www.rincondelbulla.cl\/portal\/?p=9682"},"modified":"2016-05-04T06:48:06","modified_gmt":"2016-05-04T10:48:06","slug":"el-26-de-mayo-vuelven-a-los-trabajos","status":"publish","type":"post","link":"http:\/\/www.rincondelbulla.cl\/portal\/2016\/05\/04\/el-26-de-mayo-vuelven-a-los-trabajos\/","title":{"rendered":"El 26 de mayo vuelven a los trabajos"},"content":{"rendered":"<figure id=\"attachment_8657\" aria-describedby=\"caption-attachment-8657\" style=\"width: 1100px\" class=\"wp-caption alignnone\"><img loading=\"lazy\" decoding=\"async\" class=\"size-full wp-image-8657\" src=\"http:\/\/www.rincondelbulla.cl\/portal\/wp-content\/uploads\/2016\/03\/plantel-union.jpg\" alt=\"Con el objetivo de dejar atr\u00e1s las \u00faltimas magras campa\u00f1as, el plantel azul volver\u00e1 al CDA los \u00faltimos d\u00edas de mayo. Aunque todos no regresaran, se espera que para esa fecha ya se encuentren definidos los nombres de los nuevos componentes del plantel. Foto: Patricio Gonz\u00e1lez\" width=\"1100\" height=\"733\" srcset=\"http:\/\/www.rincondelbulla.cl\/portal\/wp-content\/uploads\/2016\/03\/plantel-union.jpg 1100w, http:\/\/www.rincondelbulla.cl\/portal\/wp-content\/uploads\/2016\/03\/plantel-union-300x200.jpg 300w, http:\/\/www.rincondelbulla.cl\/portal\/wp-content\/uploads\/2016\/03\/plantel-union-768x512.jpg 768w, http:\/\/www.rincondelbulla.cl\/portal\/wp-content\/uploads\/2016\/03\/plantel-union-696x464.jpg 696w, http:\/\/www.rincondelbulla.cl\/portal\/wp-content\/uploads\/2016\/03\/plantel-union-1068x712.jpg 1068w, http:\/\/www.rincondelbulla.cl\/portal\/wp-content\/uploads\/2016\/03\/plantel-union-630x420.jpg 630w\" sizes=\"auto, (max-width: 1100px) 100vw, 1100px\" \/><figcaption id=\"caption-attachment-8657\" class=\"wp-caption-text\">Con el objetivo de dejar atr\u00e1s las \u00faltimas magras campa\u00f1as, el plantel azul volver\u00e1 al CDA los \u00faltimos d\u00edas de mayo. Aunque todos no regresaran, se espera que para esa fecha ya se encuentren definidos los nombres de los nuevos componentes del plantel. Foto: Patricio Gonz\u00e1lez<\/figcaption><\/figure>\n<p><strong>Tras finalizar un mal campeonato, el plantel azul inici\u00f3 sus vacaciones, las que se extender\u00e1n hasta los \u00faltimos d\u00edas de mayo. Mientras tantos, algunos dejaran el club y se espera la llegadas de caras nuevas al CDA.<\/strong><!--more--><\/p>\n<p>Para muchos fue un alivio. El t\u00e9rmino del campeonato para Universidad de Chile pareci\u00f3 ser un desahogo para muchos a lo que fue una campa\u00f1a paup\u00e9rrima, que se coron\u00f3 con la grave lesi\u00f3n de Sebasti\u00e1n Ubilla frente a Huachipato.<\/p>\n<p>Pero con la ilusi\u00f3n y el compromiso de dejar todo eso atr\u00e1s, el plantel inici\u00f3 su periodo de vacaciones, el que se extender\u00e1 hasta el 26 de mayo, d\u00eda que los jugadores deben presentarse al inicio de la pretemporada.<\/p>\n<p>Pero ese d\u00eda no todos volver\u00e1n. A la espera de nuevos nombres que llegue a la instituci\u00f3n, un grupo importante del actual plantel dejar\u00eda el CDA. A los ya marginados por indisciplina <strong>Joao Ortiz, Cristi\u00e1n Su\u00e1rez y Leonardo Valencia<\/strong>, se sumar\u00edan quienes terminan v\u00ednculo con el club. Entre ellos se encuentran el portero <strong>Miguel Jim\u00e9nez<\/strong>, el trasandino <strong>Luis Fari\u00f1a<\/strong> y <strong>Patricio Rubio<\/strong>, quienes terminan sus pr\u00e9stamos en la \u201cU\u201d. Otros que partir\u00edan ser\u00edan <strong>Gustavo Canales, Math\u00edas Corujo, Francisco Castro y Enzo Guti\u00e9rrez<\/strong>, que est\u00e1 a pr\u00e9stamo en Palestino y termina contrato con los azules. Las situaciones de <strong>Gonzalo Espinoza<\/strong> y <strong>Luis Felipe Pinilla<\/strong>, a\u00fan est\u00e1n en carpeta y deben ser definidas por el directorio y el cuerpo t\u00e9cnico.<\/p>\n<p>Entre los nombres que podr\u00edan regresar a vestir de azul, tras estar a pr\u00e9stamo en otros clubes, se encuentran <strong>Leandro Benegas, Ram\u00f3n Fern\u00e1ndez, Nicol\u00e1s Maturana, Rub\u00e9n Farf\u00e1n y Rodrigo Ure\u00f1a<\/strong>. El caso de Ram\u00f3n Fern\u00e1ndez a\u00fan es incierto, ya que habr\u00eda manifestado su inter\u00e9s por permanecer en O\u2019Higgins.<\/p>\n<p>Sobre posibles refuerzos, a los bomb\u00e1sticos nombres de <strong>Paolo Guerrero<\/strong> y el retorno de <strong>Mauricio Pinilla<\/strong> para reforzar el ataque azul, se suman nombres del medio local como <strong>Franz Schultz<\/strong> y <strong>Ronny Fern\u00e1ndez<\/strong>, ambos pertenecientes a Santiago Wanderers. Pero hasta ahora solo son eso: Nombres.<\/p>\n","protected":false},"excerpt":{"rendered":"<p>Tras finalizar un mal campeonato, el plantel azul inici\u00f3 sus vacaciones, las que se extender\u00e1n hasta los \u00faltimos d\u00edas de mayo. Mientras tantos, algunos dejaran el club y se espera la llegadas de caras nuevas al CDA.<\/p>\n","protected":false},"author":21382,"featured_media":9228,"comment_status":"closed","ping_status":"open","sticky":false,"template":"","format":"standard","meta":{"footnotes":""},"categories":[18],"tags":[454,288,287,136,81,746,261,56,367,417,319,415,532,495,257,631,743,353,559,133,457,748,349,157,119,745,747,744,150,118,294,156,742],"class_list":{"0":"post-9682","1":"post","2":"type-post","3":"status-publish","4":"format-standard","5":"has-post-thumbnail","7":"category-actualidad","8":"tag-actualidad","9":"tag-cda","10":"tag-cristian-suarez","11":"tag-enzo-gutierrez","12":"tag-francisco-castro","13":"tag-franz-schultz","14":"tag-gonzalo-espinoza","15":"tag-gustavo-canales","16":"tag-huachipato","17":"tag-joao-ortiz","18":"tag-leandro-benegas","19":"tag-leonardo-valencia","20":"tag-luis-farina","21":"tag-luis-felipe-pinilla","22":"tag-mathias-corujo","23":"tag-mauricio-pinilla","24":"tag-mayo","25":"tag-miguel-jimenez","26":"tag-nicolas-maturana","27":"tag-ohiggins","28":"tag-palestino","29":"tag-paolo-guerrero","30":"tag-patricio-rubio","31":"tag-portada","32":"tag-ramon-fernandez","33":"tag-rodrigo-urena","34":"tag-ronny-fernandez","35":"tag-ruben-farfan","36":"tag-santiago-wanderers","37":"tag-sebastian-ubilla","38":"tag-u-de-chile","39":"tag-universidad-de-chile","40":"tag-vacaciones"},"_links":{"self":[{"href":"http:\/\/www.rincondelbulla.cl\/portal\/wp-json\/wp\/v2\/posts\/9682","targetHints":{"allow":["GET"]}}],"collection":[{"href":"http:\/\/www.rincondelbulla.cl\/portal\/wp-json\/wp\/v2\/posts"}],"about":[{"href":"http:\/\/www.rincondelbulla.cl\/portal\/wp-json\/wp\/v2\/types\/post"}],"author":[{"embeddable":true,"href":"http:\/\/www.rincondelbulla.cl\/portal\/wp-json\/wp\/v2\/users\/21382"}],"replies":[{"embeddable":true,"href":"http:\/\/www.rincondelbulla.cl\/portal\/wp-json\/wp\/v2\/comments?post=9682"}],"version-history":[{"count":1,"href":"http:\/\/www.rincondelbulla.cl\/portal\/wp-json\/wp\/v2\/posts\/9682\/revisions"}],"predecessor-version":[{"id":9683,"href":"http:\/\/www.rincondelbulla.cl\/portal\/wp-json\/wp\/v2\/posts\/9682\/revisions\/9683"}],"wp:featuredmedia":[{"embeddable":true,"href":"http:\/\/www.rincondelbulla.cl\/portal\/wp-json\/wp\/v2\/media\/9228"}],"wp:attachment":[{"href":"http:\/\/www.rincondelbulla.cl\/portal\/wp-json\/wp\/v2\/media?parent=9682"}],"wp:term":[{"taxonomy":"category","embeddable":true,"href":"http:\/\/www.rincondelbulla.cl\/portal\/wp-json\/wp\/v2\/categories?post=9682"},{"taxonomy":"post_tag","embeddable":true,"href":"http:\/\/www.rincondelbulla.cl\/portal\/wp-json\/wp\/v2\/tags?post=9682"}],"curies":[{"name":"wp","href":"https:\/\/api.w.org\/{rel}","templated":true}]}}