{"id":9760,"date":"2016-05-26T00:15:58","date_gmt":"2016-05-26T04:15:58","guid":{"rendered":"http:\/\/www.rincondelbulla.cl\/portal\/?p=9760"},"modified":"2016-05-26T00:27:26","modified_gmt":"2016-05-26T04:27:26","slug":"si-no-cuesta-no-vale-la-u-en-segunda-division","status":"publish","type":"post","link":"http:\/\/www.rincondelbulla.cl\/portal\/2016\/05\/26\/si-no-cuesta-no-vale-la-u-en-segunda-division\/","title":{"rendered":"Si no cuesta, no vale: La U en segunda divisi\u00f3n"},"content":{"rendered":"<p><img loading=\"lazy\" decoding=\"async\" class=\" wp-image-9780 aligncenter\" src=\"http:\/\/www.rincondelbulla.cl\/portal\/wp-content\/uploads\/2016\/05\/segunda-div.jpg\" alt=\"segunda div\" width=\"388\" height=\"281\" \/><\/p>\n<p><strong>En un nuevo aniversario del club azul, es necesario recordar uno de los pasajes deportivos m\u00e1s oscuros que ha tenido el equipo, pero que sin embargo ha sido uno de los pilares fundamentales del v\u00ednculo entre el club y su hinchada.<\/strong><!--more--><\/p>\n<p><span style=\"font-weight: 400;\">Corr\u00eda 1989 y el club se encontraba en una profunda crisis deportiva y monetaria; deportiva debido al constante fracaso en los \u00faltimos campeonatos a ra\u00edz de la venta de las principales figuras azules que resaltaban en a\u00f1os anteriores, como es el caso de Mariano Puyol o el \u201cTincho\u201d G\u00e1lvez, llegando s\u00f3lo a puestos medios en las tablas finales.<\/span><\/p>\n<p><span style=\"font-weight: 400;\">Por otro lado estaba la situaci\u00f3n financiera por la que pasaba el club universitario, ya que el mal momento lo dejaba como el equipo con m\u00e1s deuda hist\u00f3rica del momento y esto se reflejaba en la cancha con los pocos refuerzos llegados durante esos a\u00f1os.<\/span><\/p>\n<p><span style=\"font-weight: 400;\">Con el ex defensor izquierdo, Alberto Quintano, a la cabeza como director t\u00e9cnico del equipo, el club hab\u00eda tenido leves mejor\u00edas, sin embargo, \u00a0un conflicto con las dirigencias del club hizo que Quintano firmara su salida a d\u00edas de iniciar el campeonato 1988.<\/span><br \/>\n<img loading=\"lazy\" decoding=\"async\" class=\"irc_mi iJyo8_2DXA9Y-pQOPx8XEepE alignleft\" style=\"margin-top: 82px;\" src=\"http:\/\/static.latercera.com\/20130208\/1700023.jpg\" alt=\"\" width=\"316\" height=\"191\" \/><\/p>\n<p><span style=\"font-weight: 400;\">De esta forma Manuel Pellegrini llega al equipo profesional de manera interina, dejando atr\u00e1s su puesto con el f\u00fatbol formativo azul. Sin embargo, el ingeniero no pudo levantar el equipo, manteniendo una campa\u00f1a mediocre. La \u00a0pol\u00e9mica explot\u00f3 cuando Pellegrini viaj\u00f3 en pleno campeonato a realizar un curso de formaci\u00f3n t\u00e9cnica en Europa, dejando a su ayudante a cargo, lo que dio como resultado una seguidilla de derrotas en el campeonato.<\/span><\/p>\n<p><span style=\"font-weight: 400;\">De esta forma, a la vuelta de Pellegrini a la banca, Universidad de Chile empata a dos tantos con Cobresal en el Estadio Nacional el 15 de enero de 1989, sellando su paso a la segunda divisi\u00f3n del f\u00fatbol profesional chileno. <\/span><\/p>\n<p><span style=\"font-weight: 400;\">La tienda azul preparaba este nuevo escenario adverso con Luis Ibarra como t\u00e9cnico, quien no la tuvo f\u00e1cil ya que el club universitario termin\u00f3 la primera fase del campeonato con once partidos ganados, ocho empatados y tres perdidos. En la segunda etapa, el rendimiento mejor\u00f3 llegando a ser el l\u00edder de la tabla sur, preparando una final contra el l\u00edder del grupo norte, Palestino.<\/span><\/p>\n<p><span style=\"font-weight: 400;\">De esta forma, Universidad de Chile gana en penales al cuadro \u00e1rabe en el Estadio Nacional el 27 de enero de 1990, asegurando su paso a la primera divisi\u00f3n chilena y devolviendo toda la alegr\u00eda al pueblo bullanguero que hab\u00eda seguido al equipo en todas las fechas de la segunda divisi\u00f3n.<\/span><\/p>\n<p><span style=\"font-weight: 400;\">Pese a todo, la historia del club en segunda divisi\u00f3n no es s\u00f3lo de \u00edndole deportiva, ya que es en este contexto que nace la barra \u201cLos de Abajo\u201d y se forma el estrecho v\u00ednculo entre la fanaticada y el club. Es en este contexto que la hinchada del le\u00f3n acompa\u00f1\u00f3 y vio crecer a su equipo a pesar de las complicaciones. Es aqu\u00ed donde se fortalece el amor e incondicionalidad de la gente al equipo como uno de los elementos caracter\u00edsticos de la hinchada azul<\/span><\/p>\n<p><span style=\"font-weight: 400;\">El apoyo que demostr\u00f3 la gente a su equipo qued\u00f3 guardada en la memoria colectiva de los azules a trav\u00e9s de una canci\u00f3n: \u201cVolveremos, volveremos, volveremos otra vez a ser grandes como fue el ballet\u201d.<\/span><\/p>\n<p><img loading=\"lazy\" decoding=\"async\" class=\"alignnone size-full wp-image-9772\" src=\"http:\/\/www.rincondelbulla.cl\/portal\/wp-content\/uploads\/2016\/05\/campeon94.jpg\" alt=\"campeon94\" width=\"620\" height=\"350\" srcset=\"http:\/\/www.rincondelbulla.cl\/portal\/wp-content\/uploads\/2016\/05\/campeon94.jpg 620w, http:\/\/www.rincondelbulla.cl\/portal\/wp-content\/uploads\/2016\/05\/campeon94-300x169.jpg 300w\" sizes=\"auto, (max-width: 620px) 100vw, 620px\" \/><\/p>\n","protected":false},"excerpt":{"rendered":"<p>En un nuevo aniversario del club azul, es necesario recordar uno de los pasajes deportivos m\u00e1s oscuros que ha tenido el equipo, pero que sin embargo ha sido uno de los pilares fundamentales del v\u00ednculo entre el club y su hinchada.<\/p>\n","protected":false},"author":21388,"featured_media":9780,"comment_status":"closed","ping_status":"open","sticky":false,"template":"","format":"standard","meta":{"footnotes":""},"categories":[18],"tags":[772,773,294],"class_list":{"0":"post-9760","1":"post","2":"type-post","3":"status-publish","4":"format-standard","5":"has-post-thumbnail","7":"category-actualidad","8":"tag-89anos","9":"tag-segunda-division","10":"tag-u-de-chile"},"_links":{"self":[{"href":"http:\/\/www.rincondelbulla.cl\/portal\/wp-json\/wp\/v2\/posts\/9760","targetHints":{"allow":["GET"]}}],"collection":[{"href":"http:\/\/www.rincondelbulla.cl\/portal\/wp-json\/wp\/v2\/posts"}],"about":[{"href":"http:\/\/www.rincondelbulla.cl\/portal\/wp-json\/wp\/v2\/types\/post"}],"author":[{"embeddable":true,"href":"http:\/\/www.rincondelbulla.cl\/portal\/wp-json\/wp\/v2\/users\/21388"}],"replies":[{"embeddable":true,"href":"http:\/\/www.rincondelbulla.cl\/portal\/wp-json\/wp\/v2\/comments?post=9760"}],"version-history":[{"count":1,"href":"http:\/\/www.rincondelbulla.cl\/portal\/wp-json\/wp\/v2\/posts\/9760\/revisions"}],"predecessor-version":[{"id":9781,"href":"http:\/\/www.rincondelbulla.cl\/portal\/wp-json\/wp\/v2\/posts\/9760\/revisions\/9781"}],"wp:featuredmedia":[{"embeddable":true,"href":"http:\/\/www.rincondelbulla.cl\/portal\/wp-json\/wp\/v2\/media\/9780"}],"wp:attachment":[{"href":"http:\/\/www.rincondelbulla.cl\/portal\/wp-json\/wp\/v2\/media?parent=9760"}],"wp:term":[{"taxonomy":"category","embeddable":true,"href":"http:\/\/www.rincondelbulla.cl\/portal\/wp-json\/wp\/v2\/categories?post=9760"},{"taxonomy":"post_tag","embeddable":true,"href":"http:\/\/www.rincondelbulla.cl\/portal\/wp-json\/wp\/v2\/tags?post=9760"}],"curies":[{"name":"wp","href":"https:\/\/api.w.org\/{rel}","templated":true}]}}