{"id":9761,"date":"2016-05-25T11:32:10","date_gmt":"2016-05-25T15:32:10","guid":{"rendered":"http:\/\/www.rincondelbulla.cl\/portal\/?p=9761"},"modified":"2016-05-25T11:37:12","modified_gmt":"2016-05-25T15:37:12","slug":"festejo-de-los-89-anos-del-club-marcado-por-lanzamiento-del-foto-libro-hinchada","status":"publish","type":"post","link":"http:\/\/www.rincondelbulla.cl\/portal\/2016\/05\/25\/festejo-de-los-89-anos-del-club-marcado-por-lanzamiento-del-foto-libro-hinchada\/","title":{"rendered":"Festejo de los 89 a\u00f1os del club  marcado por lanzamiento del foto-libro Hinchada"},"content":{"rendered":"<p><img loading=\"lazy\" decoding=\"async\" class=\"aligncenter wp-image-9763 size-full\" src=\"http:\/\/www.rincondelbulla.cl\/portal\/wp-content\/uploads\/2016\/05\/Foto-Libro.jpg\" alt=\"Foto Libro Hinchada\" width=\"525\" height=\"350\" srcset=\"http:\/\/www.rincondelbulla.cl\/portal\/wp-content\/uploads\/2016\/05\/Foto-Libro.jpg 525w, http:\/\/www.rincondelbulla.cl\/portal\/wp-content\/uploads\/2016\/05\/Foto-Libro-300x200.jpg 300w\" sizes=\"auto, (max-width: 525px) 100vw, 525px\" \/><br \/>\n<strong>En el marco de la celebraci\u00f3n de los 89 a\u00f1os del Club, el fot\u00f3grafo Pepe Valdivia lanzar\u00e1 este s\u00e1bado en la comuna Pudahuel su libro con im\u00e1genes de la barra azul.<\/strong><!--more--><\/p>\n<p>La U cumpli\u00f3 este 24 de mayo 89 a\u00f1os de existencia, en este contexto la barra de la U , Los de Abajo, han organizado un acto de celebraci\u00f3n de un a\u00f1o m\u00e1s de vida del Rom\u00e1ntico Viajero.<\/p>\n<p>La cita ser\u00e1 este s\u00e1bado a partir del media y hasta las 19:00 hrs en el Estadio Modelo de Pudahuel. Habr\u00e1n juegos infantiles, venta de alimentos y muchos artistas invitados.<\/p>\n<p><img loading=\"lazy\" decoding=\"async\" class=\"aligncenter wp-image-9764 size-large\" src=\"http:\/\/www.rincondelbulla.cl\/portal\/wp-content\/uploads\/2016\/05\/13244007_1034789483268573_7731462750410243202_o-1200x749.jpg\" alt=\"13244007_1034789483268573_7731462750410243202_o\" width=\"640\" height=\"399\" srcset=\"http:\/\/www.rincondelbulla.cl\/portal\/wp-content\/uploads\/2016\/05\/13244007_1034789483268573_7731462750410243202_o-1200x749.jpg 1200w, http:\/\/www.rincondelbulla.cl\/portal\/wp-content\/uploads\/2016\/05\/13244007_1034789483268573_7731462750410243202_o-300x187.jpg 300w, http:\/\/www.rincondelbulla.cl\/portal\/wp-content\/uploads\/2016\/05\/13244007_1034789483268573_7731462750410243202_o-768x480.jpg 768w, http:\/\/www.rincondelbulla.cl\/portal\/wp-content\/uploads\/2016\/05\/13244007_1034789483268573_7731462750410243202_o-696x435.jpg 696w, http:\/\/www.rincondelbulla.cl\/portal\/wp-content\/uploads\/2016\/05\/13244007_1034789483268573_7731462750410243202_o-1068x667.jpg 1068w, http:\/\/www.rincondelbulla.cl\/portal\/wp-content\/uploads\/2016\/05\/13244007_1034789483268573_7731462750410243202_o-673x420.jpg 673w, http:\/\/www.rincondelbulla.cl\/portal\/wp-content\/uploads\/2016\/05\/13244007_1034789483268573_7731462750410243202_o.jpg 2048w\" sizes=\"auto, (max-width: 640px) 100vw, 640px\" \/><\/p>\n<p>Otra actividad que marcar\u00e1 la jornada de este s\u00e1bado ser\u00e1 el lanzamiento en publico del foto-libro \u00abHinchada\u00bb del fot\u00f3grafo Pepe Valdivia y apoyado por el periodista Cristi\u00e1n Fajardo, quien recopil\u00f3 por m\u00e1s de diez a\u00f1os im\u00e1genes de la barra azul y las plasm\u00f3 en este texto.<\/p>\n<p><img loading=\"lazy\" decoding=\"async\" class=\"aligncenter wp-image-9762 size-large\" src=\"http:\/\/www.rincondelbulla.cl\/portal\/wp-content\/uploads\/2016\/05\/13288441_10209971310498597_1810660807_o-1200x773.jpg\" alt=\"Libro Hinchada\" width=\"640\" height=\"412\" srcset=\"http:\/\/www.rincondelbulla.cl\/portal\/wp-content\/uploads\/2016\/05\/13288441_10209971310498597_1810660807_o-1200x773.jpg 1200w, http:\/\/www.rincondelbulla.cl\/portal\/wp-content\/uploads\/2016\/05\/13288441_10209971310498597_1810660807_o-300x193.jpg 300w, http:\/\/www.rincondelbulla.cl\/portal\/wp-content\/uploads\/2016\/05\/13288441_10209971310498597_1810660807_o-768x495.jpg 768w, http:\/\/www.rincondelbulla.cl\/portal\/wp-content\/uploads\/2016\/05\/13288441_10209971310498597_1810660807_o-696x448.jpg 696w, http:\/\/www.rincondelbulla.cl\/portal\/wp-content\/uploads\/2016\/05\/13288441_10209971310498597_1810660807_o-1068x688.jpg 1068w, http:\/\/www.rincondelbulla.cl\/portal\/wp-content\/uploads\/2016\/05\/13288441_10209971310498597_1810660807_o-652x420.jpg 652w, http:\/\/www.rincondelbulla.cl\/portal\/wp-content\/uploads\/2016\/05\/13288441_10209971310498597_1810660807_o.jpg 2048w\" sizes=\"auto, (max-width: 640px) 100vw, 640px\" \/><\/p>\n<p><strong>\u00abSiempre se habla de la fiesta del f\u00fatbol pero nadie sabe en verdad c\u00f3mo es esa experiencia dentro del estadio. Por lo mismo, el fot\u00f3grafo Pepe Valdivia dispuso de un material de m\u00e1s de 10 a\u00f1os siguiendo a la barra por todo el pa\u00eds y en el extranjero para que todos sepan lo que ocurre adentro. Lo que hicimos fue entregar una visi\u00f3n period\u00edstica de lo que nos encontramos\u00bb, <\/strong>se\u00f1ala el periodista Cristi\u00e1n Fajar en una entrevista ofrecida al diario La Cuarta y que pueden <a href=\"http:\/\/www.lacuarta.com\/noticias\/deportiva\/2016\/05\/64-200829-9-libro-relata-la-pasion-incondicional-de-los-de-abajo.shtml\">ver completa aqu\u00ed<\/a>.<\/p>\n<p>Ya lo saben, este s\u00e1bado se festeja a la U y todos los hinchas del Rom\u00e1ntico Viajero estamos cordialmente invitados a participar de esta bella actividad<\/p>\n<p>&nbsp;<\/p>\n","protected":false},"excerpt":{"rendered":"<p>En el marco de la celebraci\u00f3n de los 89 a\u00f1os del Club, el fot\u00f3grafo Pepe Valdivia lanzar\u00e1 este s\u00e1bado en la comuna Pudahuel su libro con im\u00e1genes de la barra azul.<\/p>\n","protected":false},"author":56,"featured_media":9762,"comment_status":"closed","ping_status":"open","sticky":false,"template":"","format":"standard","meta":{"footnotes":""},"categories":[18],"tags":[768,454,767,567,102,157,156],"class_list":{"0":"post-9761","1":"post","2":"type-post","3":"status-publish","4":"format-standard","5":"has-post-thumbnail","7":"category-actualidad","8":"tag-89-anos","9":"tag-actualidad","10":"tag-foto-libro","11":"tag-hinchada","12":"tag-los-de-abajo","13":"tag-portada","14":"tag-universidad-de-chile"},"_links":{"self":[{"href":"http:\/\/www.rincondelbulla.cl\/portal\/wp-json\/wp\/v2\/posts\/9761","targetHints":{"allow":["GET"]}}],"collection":[{"href":"http:\/\/www.rincondelbulla.cl\/portal\/wp-json\/wp\/v2\/posts"}],"about":[{"href":"http:\/\/www.rincondelbulla.cl\/portal\/wp-json\/wp\/v2\/types\/post"}],"author":[{"embeddable":true,"href":"http:\/\/www.rincondelbulla.cl\/portal\/wp-json\/wp\/v2\/users\/56"}],"replies":[{"embeddable":true,"href":"http:\/\/www.rincondelbulla.cl\/portal\/wp-json\/wp\/v2\/comments?post=9761"}],"version-history":[{"count":4,"href":"http:\/\/www.rincondelbulla.cl\/portal\/wp-json\/wp\/v2\/posts\/9761\/revisions"}],"predecessor-version":[{"id":9768,"href":"http:\/\/www.rincondelbulla.cl\/portal\/wp-json\/wp\/v2\/posts\/9761\/revisions\/9768"}],"wp:featuredmedia":[{"embeddable":true,"href":"http:\/\/www.rincondelbulla.cl\/portal\/wp-json\/wp\/v2\/media\/9762"}],"wp:attachment":[{"href":"http:\/\/www.rincondelbulla.cl\/portal\/wp-json\/wp\/v2\/media?parent=9761"}],"wp:term":[{"taxonomy":"category","embeddable":true,"href":"http:\/\/www.rincondelbulla.cl\/portal\/wp-json\/wp\/v2\/categories?post=9761"},{"taxonomy":"post_tag","embeddable":true,"href":"http:\/\/www.rincondelbulla.cl\/portal\/wp-json\/wp\/v2\/tags?post=9761"}],"curies":[{"name":"wp","href":"https:\/\/api.w.org\/{rel}","templated":true}]}}