{"id":9775,"date":"2016-05-25T22:46:48","date_gmt":"2016-05-26T02:46:48","guid":{"rendered":"http:\/\/www.rincondelbulla.cl\/portal\/?p=9775"},"modified":"2016-05-25T22:46:48","modified_gmt":"2016-05-26T02:46:48","slug":"hinchas-festejaron-los-89-con-una-gran-cena","status":"publish","type":"post","link":"http:\/\/www.rincondelbulla.cl\/portal\/2016\/05\/25\/hinchas-festejaron-los-89-con-una-gran-cena\/","title":{"rendered":"Hinchas festejaron los 89 con una gran cena"},"content":{"rendered":"<p><strong><img loading=\"lazy\" decoding=\"async\" class=\"alignnone size-full wp-image-9777\" src=\"http:\/\/www.rincondelbulla.cl\/portal\/wp-content\/uploads\/2016\/05\/AHA.jpg\" alt=\"AHA\" width=\"960\" height=\"640\" srcset=\"http:\/\/www.rincondelbulla.cl\/portal\/wp-content\/uploads\/2016\/05\/AHA.jpg 960w, http:\/\/www.rincondelbulla.cl\/portal\/wp-content\/uploads\/2016\/05\/AHA-300x200.jpg 300w, http:\/\/www.rincondelbulla.cl\/portal\/wp-content\/uploads\/2016\/05\/AHA-768x512.jpg 768w, http:\/\/www.rincondelbulla.cl\/portal\/wp-content\/uploads\/2016\/05\/AHA-696x464.jpg 696w, http:\/\/www.rincondelbulla.cl\/portal\/wp-content\/uploads\/2016\/05\/AHA-630x420.jpg 630w\" sizes=\"auto, (max-width: 960px) 100vw, 960px\" \/>Con invitados de honor y una gran organizaci\u00f3n, la <a href=\"https:\/\/www.facebook.com\/asambleahinchasazules\/\">Asociaci\u00f3n de Hinchas Azules <\/a>se dio cita en la Havana Salsa para conmemorar los 89 a\u00f1os del club.<\/strong><!--more--><\/p>\n<p>Desde las 21 horas los hinchas comenzaron a llegar al local del Barrio Bellavista para una excelente cena. Los asistentes fueron parte de trivias bullangueras, sorteos y poder escuchar la palabra de H\u00e9ctor Hoffens, Carlos Campos y Marco Olea.<\/p>\n<p>El \u201cTanque\u201d, goleador del Ballet Azul se mostr\u00f3 encantado del cari\u00f1o entregado por los hinchas. \u201cPara m\u00ed es un honor y placer que me inviten a estas actividades, yo los felicito de ser tan hinchas, para ser de la U hay que tener algo mucho m\u00e1s especial\u201d, coment\u00f3 Campos.<\/p>\n<p>Por su parte el \u201cChico\u201d Hoffens fue uno de los m\u00e1s solicitados por los hinchas a la hora de contar an\u00e9cdotas. \u00a0\u201cTodo estuvo espectacular, me voy muy feliz de haber compartido con todos ustedes, agradecido de esta linda fiesta y espero que se vuelvan a repetir estas invitaciones\u201d.<\/p>\n<p>Por su parte Marco Olea agradeci\u00f3 la invitaci\u00f3n y adelant\u00f3 que este s\u00e1bado estar\u00e1 en Pudahuel para tocar las \u201cCuecas Bullangueras\u201d en la celebraci\u00f3n de Los de Abajo. \u201cEstas instancias que se est\u00e1n creando en diferentes lugares me dan a demostrar que el hincha de la U es m\u00e1s que una barra brava, es cultura y tiene organizaci\u00f3n. Estoy muy contento de poder aportar en lo que yo pueda\u201d, cont\u00f3 el \u201cCaballero del Gol\u201d.<\/p>\n","protected":false},"excerpt":{"rendered":"<p>Con invitados de honor y una gran organizaci\u00f3n, la Asociaci\u00f3n de Hinchas Azules se dio cita en la Havana Salsa para conmemorar los 89 a\u00f1os del club.<\/p>\n","protected":false},"author":65,"featured_media":9776,"comment_status":"closed","ping_status":"open","sticky":false,"template":"","format":"standard","meta":{"footnotes":""},"categories":[18],"tags":[271,657,770,771],"class_list":{"0":"post-9775","1":"post","2":"type-post","3":"status-publish","4":"format-standard","5":"has-post-thumbnail","7":"category-actualidad","8":"tag-asamblea-hinchas-azules","9":"tag-carlos-campos","10":"tag-hoffens","11":"tag-marco-olea"},"_links":{"self":[{"href":"http:\/\/www.rincondelbulla.cl\/portal\/wp-json\/wp\/v2\/posts\/9775","targetHints":{"allow":["GET"]}}],"collection":[{"href":"http:\/\/www.rincondelbulla.cl\/portal\/wp-json\/wp\/v2\/posts"}],"about":[{"href":"http:\/\/www.rincondelbulla.cl\/portal\/wp-json\/wp\/v2\/types\/post"}],"author":[{"embeddable":true,"href":"http:\/\/www.rincondelbulla.cl\/portal\/wp-json\/wp\/v2\/users\/65"}],"replies":[{"embeddable":true,"href":"http:\/\/www.rincondelbulla.cl\/portal\/wp-json\/wp\/v2\/comments?post=9775"}],"version-history":[{"count":1,"href":"http:\/\/www.rincondelbulla.cl\/portal\/wp-json\/wp\/v2\/posts\/9775\/revisions"}],"predecessor-version":[{"id":9778,"href":"http:\/\/www.rincondelbulla.cl\/portal\/wp-json\/wp\/v2\/posts\/9775\/revisions\/9778"}],"wp:featuredmedia":[{"embeddable":true,"href":"http:\/\/www.rincondelbulla.cl\/portal\/wp-json\/wp\/v2\/media\/9776"}],"wp:attachment":[{"href":"http:\/\/www.rincondelbulla.cl\/portal\/wp-json\/wp\/v2\/media?parent=9775"}],"wp:term":[{"taxonomy":"category","embeddable":true,"href":"http:\/\/www.rincondelbulla.cl\/portal\/wp-json\/wp\/v2\/categories?post=9775"},{"taxonomy":"post_tag","embeddable":true,"href":"http:\/\/www.rincondelbulla.cl\/portal\/wp-json\/wp\/v2\/tags?post=9775"}],"curies":[{"name":"wp","href":"https:\/\/api.w.org\/{rel}","templated":true}]}}