{"id":9813,"date":"2016-06-01T10:04:18","date_gmt":"2016-06-01T14:04:18","guid":{"rendered":"http:\/\/www.rincondelbulla.cl\/portal\/?p=9813"},"modified":"2016-06-01T10:42:19","modified_gmt":"2016-06-01T14:42:19","slug":"franz-schultz-ya-viste-de-azul","status":"publish","type":"post","link":"http:\/\/www.rincondelbulla.cl\/portal\/2016\/06\/01\/franz-schultz-ya-viste-de-azul\/","title":{"rendered":"Franz Schultz ya viste de azul"},"content":{"rendered":"<p><strong>El jugador proveniente de Santiago Wanderers entreg\u00f3 sus primeras palabras tras su llegada a Universidad de Chile. Aqu\u00ed les dejamos lo que dijo el nuevo refuerzo de la \u201cU\u201d.<\/strong><!--more--><\/p>\n<p><strong>Su llegada a la Universidad de Chile:<\/strong> \u201cEs un paso importante en mi carrera y espero estar a la altura de esta gran instituci\u00f3n que se fij\u00f3 en mi\u201d.<\/p>\n<p><strong>Definici\u00f3n de sus condiciones futbol\u00edsticas:<\/strong> \u201cSoy un jugador que siempre lo va a dejar todo. No quiero prometer nada m\u00e1s. Prefiero hablar poco y demostrar en la cancha\u201d.<\/p>\n<p><strong>Posici\u00f3n en que lo podremos ver actuar:<\/strong> \u201cJuego de volante mixto o puedo jugar de lateral y mi idea es buscar siempre el arco rival, hacer da\u00f1o\u201d.<\/p>\n<p><strong>Sus expectativas vistiendo de azul:<\/strong> \u201cLo \u00fanico que quiero dejar es que todos se acuerden de m\u00ed, como un jugador que no solo vino de paso y que dej\u00f3 campeonatos. Esa es la idea y para eso voy a trabajar\u201d.<\/p>\n<p><strong>Los hinchas de la \u201cU\u201d y su importancia:<\/strong> \u201cPor n\u00famero, es la primera hinchada en Chile. Por los hinchas y por la cantidad que tienen. Estoy tranquilo de eso y espero estar a la altura de esta hinchada y esta gran instituci\u00f3n\u201d<\/p>\n","protected":false},"excerpt":{"rendered":"<p>El jugador proveniente de Santiago Wanderers entreg\u00f3 sus primeras palabras tras su llegada a Universidad de Chile. Aqu\u00ed les dejamos lo que dijo el nuevo refuerzo de la \u201cU\u201d.<\/p>\n","protected":false},"author":21382,"featured_media":9820,"comment_status":"closed","ping_status":"open","sticky":false,"template":"","format":"video","meta":{"footnotes":""},"categories":[18],"tags":[454,746,567,180,102,157,777,150,294,156],"class_list":{"0":"post-9813","1":"post","2":"type-post","3":"status-publish","4":"format-video","5":"has-post-thumbnail","7":"category-actualidad","8":"tag-actualidad","9":"tag-franz-schultz","10":"tag-hinchada","11":"tag-hinchas","12":"tag-los-de-abajo","13":"tag-portada","14":"tag-refuerzo","15":"tag-santiago-wanderers","16":"tag-u-de-chile","17":"tag-universidad-de-chile","18":"post_format-post-format-video"},"_links":{"self":[{"href":"http:\/\/www.rincondelbulla.cl\/portal\/wp-json\/wp\/v2\/posts\/9813","targetHints":{"allow":["GET"]}}],"collection":[{"href":"http:\/\/www.rincondelbulla.cl\/portal\/wp-json\/wp\/v2\/posts"}],"about":[{"href":"http:\/\/www.rincondelbulla.cl\/portal\/wp-json\/wp\/v2\/types\/post"}],"author":[{"embeddable":true,"href":"http:\/\/www.rincondelbulla.cl\/portal\/wp-json\/wp\/v2\/users\/21382"}],"replies":[{"embeddable":true,"href":"http:\/\/www.rincondelbulla.cl\/portal\/wp-json\/wp\/v2\/comments?post=9813"}],"version-history":[{"count":3,"href":"http:\/\/www.rincondelbulla.cl\/portal\/wp-json\/wp\/v2\/posts\/9813\/revisions"}],"predecessor-version":[{"id":9819,"href":"http:\/\/www.rincondelbulla.cl\/portal\/wp-json\/wp\/v2\/posts\/9813\/revisions\/9819"}],"wp:featuredmedia":[{"embeddable":true,"href":"http:\/\/www.rincondelbulla.cl\/portal\/wp-json\/wp\/v2\/media\/9820"}],"wp:attachment":[{"href":"http:\/\/www.rincondelbulla.cl\/portal\/wp-json\/wp\/v2\/media?parent=9813"}],"wp:term":[{"taxonomy":"category","embeddable":true,"href":"http:\/\/www.rincondelbulla.cl\/portal\/wp-json\/wp\/v2\/categories?post=9813"},{"taxonomy":"post_tag","embeddable":true,"href":"http:\/\/www.rincondelbulla.cl\/portal\/wp-json\/wp\/v2\/tags?post=9813"}],"curies":[{"name":"wp","href":"https:\/\/api.w.org\/{rel}","templated":true}]}}