{"id":9830,"date":"2016-06-02T13:37:40","date_gmt":"2016-06-02T17:37:40","guid":{"rendered":"http:\/\/www.rincondelbulla.cl\/portal\/?p=9830"},"modified":"2016-06-02T13:37:40","modified_gmt":"2016-06-02T17:37:40","slug":"la-supercopa-ya-tiene-fecha","status":"publish","type":"post","link":"http:\/\/www.rincondelbulla.cl\/portal\/2016\/06\/02\/la-supercopa-ya-tiene-fecha\/","title":{"rendered":"La Supercopa ya tiene fecha"},"content":{"rendered":"<p><strong><img loading=\"lazy\" decoding=\"async\" class=\"alignnone size-full wp-image-9831\" src=\"http:\/\/www.rincondelbulla.cl\/portal\/wp-content\/uploads\/2016\/06\/ucampeon-1000x600.jpg\" alt=\"ucampeon-1000x600\" width=\"1000\" height=\"600\" srcset=\"http:\/\/www.rincondelbulla.cl\/portal\/wp-content\/uploads\/2016\/06\/ucampeon-1000x600.jpg 1000w, http:\/\/www.rincondelbulla.cl\/portal\/wp-content\/uploads\/2016\/06\/ucampeon-1000x600-300x180.jpg 300w, http:\/\/www.rincondelbulla.cl\/portal\/wp-content\/uploads\/2016\/06\/ucampeon-1000x600-768x461.jpg 768w, http:\/\/www.rincondelbulla.cl\/portal\/wp-content\/uploads\/2016\/06\/ucampeon-1000x600-696x418.jpg 696w, http:\/\/www.rincondelbulla.cl\/portal\/wp-content\/uploads\/2016\/06\/ucampeon-1000x600-700x420.jpg 700w\" sizes=\"auto, (max-width: 1000px) 100vw, 1000px\" \/>Azules y cruzados se medir\u00e1n para dirimir al gran campe\u00f3n del f\u00fatbol chileno en el Estadio Nacional.<\/strong><!--more--><\/p>\n<p>Luego de que la \u00abU\u00bb ganara la Copa Chile frente a Colo Colo y la cat\u00f3lica se alzara con el torneo de Clausura, ambos ganaron el derecho para disputar la Supercopa.<\/p>\n<p>En una inedita versi\u00f3n del Cl\u00e1sico Universitario, el partido ser\u00e1 disputado el domingo 17 de julio a las 15 horas en el Estadio Nacional.<\/p>\n<p>La modalidad de juego contempla alargue en caso de empate y de mantenerse esa condici\u00f3n hay penales para definir al \u00abSuper Campe\u00f3n\u00bb.<\/p>\n<p>&nbsp;<\/p>\n<p>&nbsp;<\/p>\n","protected":false},"excerpt":{"rendered":"<p>Azules y cruzados se medir\u00e1n para dirimir al gran campe\u00f3n del f\u00fatbol chileno en el Estadio Nacional.<\/p>\n","protected":false},"author":65,"featured_media":9831,"comment_status":"closed","ping_status":"open","sticky":false,"template":"","format":"standard","meta":{"footnotes":""},"categories":[18],"tags":[71,482,719,294],"class_list":{"0":"post-9830","1":"post","2":"type-post","3":"status-publish","4":"format-standard","5":"has-post-thumbnail","7":"category-actualidad","8":"tag-clasico-universitario","9":"tag-supercopa","10":"tag-u-catolica","11":"tag-u-de-chile"},"_links":{"self":[{"href":"http:\/\/www.rincondelbulla.cl\/portal\/wp-json\/wp\/v2\/posts\/9830","targetHints":{"allow":["GET"]}}],"collection":[{"href":"http:\/\/www.rincondelbulla.cl\/portal\/wp-json\/wp\/v2\/posts"}],"about":[{"href":"http:\/\/www.rincondelbulla.cl\/portal\/wp-json\/wp\/v2\/types\/post"}],"author":[{"embeddable":true,"href":"http:\/\/www.rincondelbulla.cl\/portal\/wp-json\/wp\/v2\/users\/65"}],"replies":[{"embeddable":true,"href":"http:\/\/www.rincondelbulla.cl\/portal\/wp-json\/wp\/v2\/comments?post=9830"}],"version-history":[{"count":1,"href":"http:\/\/www.rincondelbulla.cl\/portal\/wp-json\/wp\/v2\/posts\/9830\/revisions"}],"predecessor-version":[{"id":9832,"href":"http:\/\/www.rincondelbulla.cl\/portal\/wp-json\/wp\/v2\/posts\/9830\/revisions\/9832"}],"wp:featuredmedia":[{"embeddable":true,"href":"http:\/\/www.rincondelbulla.cl\/portal\/wp-json\/wp\/v2\/media\/9831"}],"wp:attachment":[{"href":"http:\/\/www.rincondelbulla.cl\/portal\/wp-json\/wp\/v2\/media?parent=9830"}],"wp:term":[{"taxonomy":"category","embeddable":true,"href":"http:\/\/www.rincondelbulla.cl\/portal\/wp-json\/wp\/v2\/categories?post=9830"},{"taxonomy":"post_tag","embeddable":true,"href":"http:\/\/www.rincondelbulla.cl\/portal\/wp-json\/wp\/v2\/tags?post=9830"}],"curies":[{"name":"wp","href":"https:\/\/api.w.org\/{rel}","templated":true}]}}