{"id":9846,"date":"2016-06-07T11:40:36","date_gmt":"2016-06-07T15:40:36","guid":{"rendered":"http:\/\/www.rincondelbulla.cl\/portal\/?p=9846"},"modified":"2016-06-07T11:40:36","modified_gmt":"2016-06-07T15:40:36","slug":"mora-y-la-gata-quedarian-listos-esta-semana","status":"publish","type":"post","link":"http:\/\/www.rincondelbulla.cl\/portal\/2016\/06\/07\/mora-y-la-gata-quedarian-listos-esta-semana\/","title":{"rendered":"Mora y \u201cLa Gata\u201d quedar\u00edan listos esta semana"},"content":{"rendered":"<figure id=\"attachment_9847\" aria-describedby=\"caption-attachment-9847\" style=\"width: 660px\" class=\"wp-caption alignnone\"><img loading=\"lazy\" decoding=\"async\" class=\"size-full wp-image-9847\" src=\"http:\/\/www.rincondelbulla.cl\/portal\/wp-content\/uploads\/2016\/06\/Felipe-Mora-1.jpg\" alt=\"El delantero audino ser\u00eda el m\u00e1s pr\u00f3ximo a llegar al CDA.\" width=\"660\" height=\"400\" srcset=\"http:\/\/www.rincondelbulla.cl\/portal\/wp-content\/uploads\/2016\/06\/Felipe-Mora-1.jpg 660w, http:\/\/www.rincondelbulla.cl\/portal\/wp-content\/uploads\/2016\/06\/Felipe-Mora-1-300x182.jpg 300w\" sizes=\"auto, (max-width: 660px) 100vw, 660px\" \/><figcaption id=\"caption-attachment-9847\" class=\"wp-caption-text\">El delantero audino ser\u00eda el m\u00e1s pr\u00f3ximo a llegar al CDA.<\/figcaption><\/figure>\n<p><strong>Azules e it\u00e1licos estar\u00edan a un paso de concretar el traspaso del juvenil delantero, mientras que el argentino llegar\u00eda antes del fin de semana al CDA. Viana no estar\u00eda convencido de llegar.<\/strong><!--more--><\/p>\n<p>Ver a Felipe Mora entrenando junto al plantel de la \u201cU\u201d parece no estar tan lejano. Dirigentes de Universidad de Chile y Audax Italiano concretar\u00edan el arribo del delantero este d\u00eda mi\u00e9rcoles a m\u00e1s tardar. Solo detalles retrasar\u00edan la firma.<\/p>\n<p>La llegada de Mora al equipo dirigido por Sebasti\u00e1n Beccacece incluir\u00eda una venta del 70 por ciento del pase del jugador por parte de los it\u00e1licos, para as\u00ed tener derecho a ingresos en casod e una futura venta al extranjero, seg\u00fan cuenta el Diario La Tercera.<\/p>\n<p>El mismo medio asegura que Gast\u00f3n \u201cLa Gata\u201d Fern\u00e1ndez el jueves ya vestir\u00eda de azul y podr\u00eda iniciar el trabajo a la par del resto de sus nuevos compa\u00f1eros.<\/p>\n<p>Lo que s\u00ed parecer\u00eda caerse es la llegada de Mauricio Viana, como nuevo arquero. El actual portero wanderino no estar\u00eda convencido de llegar a la \u201cU\u201d como eventual suplente de Johnny Herrera, y al mismo tiempo manejar\u00eda una oferta desde M\u00e9xico, donde ser\u00eda pretendido por por Jaguares de Chiapas.<\/p>\n","protected":false},"excerpt":{"rendered":"<p>Azules e it\u00e1licos estar\u00edan a un paso de concretar el traspaso del juvenil delantero, mientras que el argentino llegar\u00eda antes del fin de semana al CDA. Viana no estar\u00eda convencido de llegar.<\/p>\n","protected":false},"author":21382,"featured_media":9848,"comment_status":"closed","ping_status":"open","sticky":false,"template":"","format":"standard","meta":{"footnotes":""},"categories":[18],"tags":[454,786,399,787,539,782,788,785,41,783,784,157,777,150,537,294,156,789],"class_list":{"0":"post-9846","1":"post","2":"type-post","3":"status-publish","4":"format-standard","5":"has-post-thumbnail","7":"category-actualidad","8":"tag-actualidad","9":"tag-arquero","10":"tag-azules","11":"tag-delantero","12":"tag-felipe-mora","13":"tag-gaston-fernandez","14":"tag-italicos","15":"tag-jaguares-de-chiapas","16":"tag-johnny-herrera","17":"tag-la-gata","18":"tag-mauricio-viana","19":"tag-portada","20":"tag-refuerzo","21":"tag-santiago-wanderers","22":"tag-sebastian-beccacece","23":"tag-u-de-chile","24":"tag-universidad-de-chile","25":"tag-wanderinos"},"_links":{"self":[{"href":"http:\/\/www.rincondelbulla.cl\/portal\/wp-json\/wp\/v2\/posts\/9846","targetHints":{"allow":["GET"]}}],"collection":[{"href":"http:\/\/www.rincondelbulla.cl\/portal\/wp-json\/wp\/v2\/posts"}],"about":[{"href":"http:\/\/www.rincondelbulla.cl\/portal\/wp-json\/wp\/v2\/types\/post"}],"author":[{"embeddable":true,"href":"http:\/\/www.rincondelbulla.cl\/portal\/wp-json\/wp\/v2\/users\/21382"}],"replies":[{"embeddable":true,"href":"http:\/\/www.rincondelbulla.cl\/portal\/wp-json\/wp\/v2\/comments?post=9846"}],"version-history":[{"count":1,"href":"http:\/\/www.rincondelbulla.cl\/portal\/wp-json\/wp\/v2\/posts\/9846\/revisions"}],"predecessor-version":[{"id":9849,"href":"http:\/\/www.rincondelbulla.cl\/portal\/wp-json\/wp\/v2\/posts\/9846\/revisions\/9849"}],"wp:featuredmedia":[{"embeddable":true,"href":"http:\/\/www.rincondelbulla.cl\/portal\/wp-json\/wp\/v2\/media\/9848"}],"wp:attachment":[{"href":"http:\/\/www.rincondelbulla.cl\/portal\/wp-json\/wp\/v2\/media?parent=9846"}],"wp:term":[{"taxonomy":"category","embeddable":true,"href":"http:\/\/www.rincondelbulla.cl\/portal\/wp-json\/wp\/v2\/categories?post=9846"},{"taxonomy":"post_tag","embeddable":true,"href":"http:\/\/www.rincondelbulla.cl\/portal\/wp-json\/wp\/v2\/tags?post=9846"}],"curies":[{"name":"wp","href":"https:\/\/api.w.org\/{rel}","templated":true}]}}