{"id":9889,"date":"2016-06-14T17:58:47","date_gmt":"2016-06-14T21:58:47","guid":{"rendered":"http:\/\/www.rincondelbulla.cl\/portal\/?p=9889"},"modified":"2016-06-15T15:12:10","modified_gmt":"2016-06-15T19:12:10","slug":"felipe-mora-ya-firmo-y-asegura-que-jugara-como-hincha","status":"publish","type":"post","link":"http:\/\/www.rincondelbulla.cl\/portal\/2016\/06\/14\/felipe-mora-ya-firmo-y-asegura-que-jugara-como-hincha\/","title":{"rendered":"Felipe Mora ya firm\u00f3, y asegura que jugar\u00e1 \u00abComo hincha\u00bb"},"content":{"rendered":"<p><img loading=\"lazy\" decoding=\"async\" class=\"alignnone size-full wp-image-9890\" src=\"http:\/\/www.rincondelbulla.cl\/portal\/wp-content\/uploads\/2016\/06\/felipemora.png\" alt=\"felipemora\" width=\"620\" height=\"350\" srcset=\"http:\/\/www.rincondelbulla.cl\/portal\/wp-content\/uploads\/2016\/06\/felipemora.png 620w, http:\/\/www.rincondelbulla.cl\/portal\/wp-content\/uploads\/2016\/06\/felipemora-300x169.png 300w\" sizes=\"auto, (max-width: 620px) 100vw, 620px\" \/><br \/>\n<strong>Felipe Mora se realiz\u00f3 los ex\u00e1menes m\u00e9dicos el d\u00eda viernes, y hoy entreg\u00f3 sus primeras palabras al equipo audiovisual de Azul Azul. \u201cMe voy a entregar como un jugador m\u00e1s en la cancha\u201d afirm\u00f3 el ex-ariete de Audax Italiano.<\/strong><!--more--><\/p>\n<p>\u201cEs el equipo m\u00e1s grande que hay aqu\u00ed en Chile, as\u00ed que espero estar a la altura\u201d prosigui\u00f3 el delantero de 23 a\u00f1os al sitio oficial.<\/p>\n<p>\u201cEstoy donde quiero estar por el esfuerzo que se hizo por m\u00ed, as\u00ed que ahora debo responder dentro de la cancha\u201d asegur\u00f3 Mora. Para terminar asever\u00f3 que: \u201cMe voy a entregar cien por ciento dentro de la cancha, y no soy muy bueno para hablar afuera de la cancha, as\u00ed que espero demostrar todo dentro de la cancha\u201d.<\/p>\n","protected":false},"excerpt":{"rendered":"<p>Felipe Mora se realiz\u00f3 los ex\u00e1menes m\u00e9dicos el d\u00eda viernes, y hoy entreg\u00f3 sus primeras palabras al equipo audiovisual de Azul Azul. \u201cMe voy a entregar como un jugador m\u00e1s en la cancha\u201d afirm\u00f3 el ex-ariete de Audax Italiano.<\/p>\n","protected":false},"author":21381,"featured_media":9890,"comment_status":"closed","ping_status":"open","sticky":false,"template":"","format":"standard","meta":{"footnotes":""},"categories":[18],"tags":[539,741],"class_list":{"0":"post-9889","1":"post","2":"type-post","3":"status-publish","4":"format-standard","5":"has-post-thumbnail","7":"category-actualidad","8":"tag-felipe-mora","9":"tag-refuerzos-2016"},"_links":{"self":[{"href":"http:\/\/www.rincondelbulla.cl\/portal\/wp-json\/wp\/v2\/posts\/9889","targetHints":{"allow":["GET"]}}],"collection":[{"href":"http:\/\/www.rincondelbulla.cl\/portal\/wp-json\/wp\/v2\/posts"}],"about":[{"href":"http:\/\/www.rincondelbulla.cl\/portal\/wp-json\/wp\/v2\/types\/post"}],"author":[{"embeddable":true,"href":"http:\/\/www.rincondelbulla.cl\/portal\/wp-json\/wp\/v2\/users\/21381"}],"replies":[{"embeddable":true,"href":"http:\/\/www.rincondelbulla.cl\/portal\/wp-json\/wp\/v2\/comments?post=9889"}],"version-history":[{"count":3,"href":"http:\/\/www.rincondelbulla.cl\/portal\/wp-json\/wp\/v2\/posts\/9889\/revisions"}],"predecessor-version":[{"id":9896,"href":"http:\/\/www.rincondelbulla.cl\/portal\/wp-json\/wp\/v2\/posts\/9889\/revisions\/9896"}],"wp:featuredmedia":[{"embeddable":true,"href":"http:\/\/www.rincondelbulla.cl\/portal\/wp-json\/wp\/v2\/media\/9890"}],"wp:attachment":[{"href":"http:\/\/www.rincondelbulla.cl\/portal\/wp-json\/wp\/v2\/media?parent=9889"}],"wp:term":[{"taxonomy":"category","embeddable":true,"href":"http:\/\/www.rincondelbulla.cl\/portal\/wp-json\/wp\/v2\/categories?post=9889"},{"taxonomy":"post_tag","embeddable":true,"href":"http:\/\/www.rincondelbulla.cl\/portal\/wp-json\/wp\/v2\/tags?post=9889"}],"curies":[{"name":"wp","href":"https:\/\/api.w.org\/{rel}","templated":true}]}}