{"id":9892,"date":"2016-06-14T22:38:55","date_gmt":"2016-06-15T02:38:55","guid":{"rendered":"http:\/\/www.rincondelbulla.cl\/portal\/?p=9892"},"modified":"2016-06-14T22:38:55","modified_gmt":"2016-06-15T02:38:55","slug":"christian-vilches-llegue-a-uno-de-los-equipos-mas-grandes-de-chile","status":"publish","type":"post","link":"http:\/\/www.rincondelbulla.cl\/portal\/2016\/06\/14\/christian-vilches-llegue-a-uno-de-los-equipos-mas-grandes-de-chile\/","title":{"rendered":"Christian Vilches: \u201cLlegu\u00e9 a uno de los equipos m\u00e1s grandes de Chile\u201d"},"content":{"rendered":"<p><img loading=\"lazy\" decoding=\"async\" class=\"aligncenter size-full wp-image-9893\" src=\"http:\/\/www.rincondelbulla.cl\/portal\/wp-content\/uploads\/2016\/06\/Vil.jpg\" alt=\"Vil\" width=\"900\" height=\"450\" srcset=\"http:\/\/www.rincondelbulla.cl\/portal\/wp-content\/uploads\/2016\/06\/Vil.jpg 900w, http:\/\/www.rincondelbulla.cl\/portal\/wp-content\/uploads\/2016\/06\/Vil-300x150.jpg 300w, http:\/\/www.rincondelbulla.cl\/portal\/wp-content\/uploads\/2016\/06\/Vil-768x384.jpg 768w, http:\/\/www.rincondelbulla.cl\/portal\/wp-content\/uploads\/2016\/06\/Vil-696x348.jpg 696w, http:\/\/www.rincondelbulla.cl\/portal\/wp-content\/uploads\/2016\/06\/Vil-840x420.jpg 840w\" sizes=\"auto, (max-width: 900px) 100vw, 900px\" \/><br \/>\n<strong>El ex jugador de Colo Colo, Christian Vilches, se convirti\u00f3 en el nuevo refuerzo de Universidad de Chile. El zaguero ya se incorpor\u00f3 a\u00a0la pretemporada y dio sus primeras declaraciones al sitio oficial azul.<\/strong><!--more--><br \/>\nVilches inform\u00f3 que su arribo al equipo fue principalmente por la petici\u00f3n que le hizo el t\u00e9cnico\u00a0del cuadro laico. \u201c<strong>Sebasti\u00e1n me llam\u00f3, me hizo la propuesta de lo que \u00e9l quer\u00eda conseguir y a m\u00ed me pareci\u00f3 muy interesante. Como dec\u00eda, llegu\u00e9 a uno de los equipos m\u00e1s grandes del f\u00fatbol chileno y a nivel sudamericano tambi\u00e9n, a cualquiera le seduce estar aqu\u00ed<\/strong>\u201d, cont\u00f3 el jugador.<br \/>\nQuien militara en el f\u00fatbol brasile\u00f1o la \u00faltima temporada\u00a0dijo adem\u00e1s, al sitio oficial de\u00a0la U, que, \u201c<strong>estoy sorprendido de lo bien que me recibieron, estoy muy contento de llegar a esta instituci\u00f3n, as\u00ed que espero dar lo mejor, d\u00eda a d\u00eda, en cada entrenamiento y ver lo que se viene para adelante<\/strong>\u201d.<br \/>\nFinalmente el defensa se refiri\u00f3 a su paso por el archirival del Rom\u00e1ntico Viajero\u00a0\u201c<strong>Me debo a mi trabajo y siempre ha sido as\u00ed. Siempre trato de entrenar al 100%, tanto en los entrenamientos como en los partidos. Poder llegar a lo m\u00e1s alto a nivel sudamericano, a nivel nacional. Dejar a la instituci\u00f3n se merece estar<\/strong>\u201d, sentenci\u00f3.<\/p>\n","protected":false},"excerpt":{"rendered":"<p>El ex jugador de Colo Colo, Christian Vilches, se convirti\u00f3 en el nuevo refuerzo de Universidad de Chile. El zaguero ya se incorpor\u00f3 a\u00a0la pretemporada y dio sus primeras declaraciones al sitio oficial azul.<\/p>\n","protected":false},"author":56,"featured_media":9893,"comment_status":"closed","ping_status":"open","sticky":false,"template":"","format":"standard","meta":{"footnotes":""},"categories":[18],"tags":[454,799,70,157],"class_list":{"0":"post-9892","1":"post","2":"type-post","3":"status-publish","4":"format-standard","5":"has-post-thumbnail","7":"category-actualidad","8":"tag-actualidad","9":"tag-los-de-anajo","10":"tag-movidas","11":"tag-portada"},"_links":{"self":[{"href":"http:\/\/www.rincondelbulla.cl\/portal\/wp-json\/wp\/v2\/posts\/9892","targetHints":{"allow":["GET"]}}],"collection":[{"href":"http:\/\/www.rincondelbulla.cl\/portal\/wp-json\/wp\/v2\/posts"}],"about":[{"href":"http:\/\/www.rincondelbulla.cl\/portal\/wp-json\/wp\/v2\/types\/post"}],"author":[{"embeddable":true,"href":"http:\/\/www.rincondelbulla.cl\/portal\/wp-json\/wp\/v2\/users\/56"}],"replies":[{"embeddable":true,"href":"http:\/\/www.rincondelbulla.cl\/portal\/wp-json\/wp\/v2\/comments?post=9892"}],"version-history":[{"count":1,"href":"http:\/\/www.rincondelbulla.cl\/portal\/wp-json\/wp\/v2\/posts\/9892\/revisions"}],"predecessor-version":[{"id":9894,"href":"http:\/\/www.rincondelbulla.cl\/portal\/wp-json\/wp\/v2\/posts\/9892\/revisions\/9894"}],"wp:featuredmedia":[{"embeddable":true,"href":"http:\/\/www.rincondelbulla.cl\/portal\/wp-json\/wp\/v2\/media\/9893"}],"wp:attachment":[{"href":"http:\/\/www.rincondelbulla.cl\/portal\/wp-json\/wp\/v2\/media?parent=9892"}],"wp:term":[{"taxonomy":"category","embeddable":true,"href":"http:\/\/www.rincondelbulla.cl\/portal\/wp-json\/wp\/v2\/categories?post=9892"},{"taxonomy":"post_tag","embeddable":true,"href":"http:\/\/www.rincondelbulla.cl\/portal\/wp-json\/wp\/v2\/tags?post=9892"}],"curies":[{"name":"wp","href":"https:\/\/api.w.org\/{rel}","templated":true}]}}