{"id":9918,"date":"2016-06-23T20:10:44","date_gmt":"2016-06-24T00:10:44","guid":{"rendered":"http:\/\/www.rincondelbulla.cl\/portal\/?p=9918"},"modified":"2016-06-24T01:28:47","modified_gmt":"2016-06-24T05:28:47","slug":"hinchas-azules-despidieron-a-guzman-con-asado-de-camaraderia","status":"publish","type":"post","link":"http:\/\/www.rincondelbulla.cl\/portal\/2016\/06\/23\/hinchas-azules-despidieron-a-guzman-con-asado-de-camaraderia\/","title":{"rendered":"Hinchas azules despidieron a Guzm\u00e1n con asado de camarader\u00eda"},"content":{"rendered":"<figure id=\"attachment_9924\" aria-describedby=\"caption-attachment-9924\" style=\"width: 960px\" class=\"wp-caption aligncenter\"><img loading=\"lazy\" decoding=\"async\" class=\"wp-image-9924 size-full\" src=\"http:\/\/www.rincondelbulla.cl\/portal\/wp-content\/uploads\/2016\/06\/13510789_149800252097591_797801016289043780_n.jpg\" alt=\"Despedida Guzman I\" width=\"960\" height=\"540\" srcset=\"http:\/\/www.rincondelbulla.cl\/portal\/wp-content\/uploads\/2016\/06\/13510789_149800252097591_797801016289043780_n.jpg 960w, http:\/\/www.rincondelbulla.cl\/portal\/wp-content\/uploads\/2016\/06\/13510789_149800252097591_797801016289043780_n-300x169.jpg 300w, http:\/\/www.rincondelbulla.cl\/portal\/wp-content\/uploads\/2016\/06\/13510789_149800252097591_797801016289043780_n-768x432.jpg 768w, http:\/\/www.rincondelbulla.cl\/portal\/wp-content\/uploads\/2016\/06\/13510789_149800252097591_797801016289043780_n-696x392.jpg 696w, http:\/\/www.rincondelbulla.cl\/portal\/wp-content\/uploads\/2016\/06\/13510789_149800252097591_797801016289043780_n-747x420.jpg 747w\" sizes=\"auto, (max-width: 960px) 100vw, 960px\" \/><figcaption id=\"caption-attachment-9924\" class=\"wp-caption-text\">Foto: Facebook Claudio las Rejas<\/figcaption><\/figure>\n<p><strong>Con la confirmaci\u00f3n del pr\u00e9stamo de Guzm\u00e1n Pereira a Pe\u00f1arol, un grupo de hinchas azules gestion\u00f3 una despedida de camarader\u00eda para el jugador, en la ocasi\u00f3n, Guzm\u00e1n agradeci\u00f3 el enorme cari\u00f1o recibido por la hinchada del Le\u00f3n.<\/strong><br \/>\n<!--more--><\/p>\n<p>\u00abA los que que trancan con la cabeza, as\u00ed se les despide\u00bb, fue la frase utilizada por los hinchas azules que llegaron al asado de despedida que le brindaron al volante charr\u00faa.<\/p>\n<p>Los hinchas de la U representaron el sentir de toda la hinchada, la que agradeci\u00f3 mediante las redes sociales la entrega de Guzm\u00e1n Pereira mientras visti\u00f3 la camiseta del Rom\u00e1ntico Viajero.<\/p>\n<p>El charr\u00faa se refiri\u00f3 a esta demostraci\u00f3n de cari\u00f1o se\u00f1alando que, \u00ab<strong>Estoy muy agradecido de los hinchas, yo siempre intent\u00e9 jugar como uno m\u00e1s de ustedes en la cancha. Espero volver un d\u00eda<\/strong>\u00ab.<\/p>\n<p>El ahora ex azul, deber\u00e1 viajar en los pr\u00f3ximos d\u00edas para sumarse al equipo de Pe\u00f1arol, sin embargo su reencuentro con los hinchas de la U no ser\u00e1 muy lejano, ya que est\u00e1 programado un partido amistoso entre ambas escuadras.<\/p>\n<p><img loading=\"lazy\" decoding=\"async\" class=\"aligncenter size-full wp-image-9919\" src=\"http:\/\/www.rincondelbulla.cl\/portal\/wp-content\/uploads\/2016\/06\/13501554_149799945430955_1726843835068254742_n.jpg\" alt=\"13501554_149799945430955_1726843835068254742_n\" width=\"540\" height=\"960\" srcset=\"http:\/\/www.rincondelbulla.cl\/portal\/wp-content\/uploads\/2016\/06\/13501554_149799945430955_1726843835068254742_n.jpg 540w, http:\/\/www.rincondelbulla.cl\/portal\/wp-content\/uploads\/2016\/06\/13501554_149799945430955_1726843835068254742_n-169x300.jpg 169w, http:\/\/www.rincondelbulla.cl\/portal\/wp-content\/uploads\/2016\/06\/13501554_149799945430955_1726843835068254742_n-236x420.jpg 236w\" sizes=\"auto, (max-width: 540px) 100vw, 540px\" \/> <img loading=\"lazy\" decoding=\"async\" class=\"aligncenter size-full wp-image-9925\" src=\"http:\/\/www.rincondelbulla.cl\/portal\/wp-content\/uploads\/2016\/06\/13516681_149800048764278_9215202152176706115_n.jpg\" alt=\"13516681_149800048764278_9215202152176706115_n\" width=\"540\" height=\"960\" srcset=\"http:\/\/www.rincondelbulla.cl\/portal\/wp-content\/uploads\/2016\/06\/13516681_149800048764278_9215202152176706115_n.jpg 540w, http:\/\/www.rincondelbulla.cl\/portal\/wp-content\/uploads\/2016\/06\/13516681_149800048764278_9215202152176706115_n-169x300.jpg 169w, http:\/\/www.rincondelbulla.cl\/portal\/wp-content\/uploads\/2016\/06\/13516681_149800048764278_9215202152176706115_n-236x420.jpg 236w\" sizes=\"auto, (max-width: 540px) 100vw, 540px\" \/> <img loading=\"lazy\" decoding=\"async\" class=\"aligncenter size-full wp-image-9924\" src=\"http:\/\/www.rincondelbulla.cl\/portal\/wp-content\/uploads\/2016\/06\/13510789_149800252097591_797801016289043780_n.jpg\" alt=\"Despedida Guzman I\" width=\"960\" height=\"540\" srcset=\"http:\/\/www.rincondelbulla.cl\/portal\/wp-content\/uploads\/2016\/06\/13510789_149800252097591_797801016289043780_n.jpg 960w, http:\/\/www.rincondelbulla.cl\/portal\/wp-content\/uploads\/2016\/06\/13510789_149800252097591_797801016289043780_n-300x169.jpg 300w, http:\/\/www.rincondelbulla.cl\/portal\/wp-content\/uploads\/2016\/06\/13510789_149800252097591_797801016289043780_n-768x432.jpg 768w, http:\/\/www.rincondelbulla.cl\/portal\/wp-content\/uploads\/2016\/06\/13510789_149800252097591_797801016289043780_n-696x392.jpg 696w, http:\/\/www.rincondelbulla.cl\/portal\/wp-content\/uploads\/2016\/06\/13510789_149800252097591_797801016289043780_n-747x420.jpg 747w\" sizes=\"auto, (max-width: 960px) 100vw, 960px\" \/> <img loading=\"lazy\" decoding=\"async\" class=\"aligncenter size-full wp-image-9923\" src=\"http:\/\/www.rincondelbulla.cl\/portal\/wp-content\/uploads\/2016\/06\/13508831_149773858766897_6847780851239373598_n.jpg\" alt=\"13508831_149773858766897_6847780851239373598_n\" width=\"960\" height=\"540\" srcset=\"http:\/\/www.rincondelbulla.cl\/portal\/wp-content\/uploads\/2016\/06\/13508831_149773858766897_6847780851239373598_n.jpg 960w, http:\/\/www.rincondelbulla.cl\/portal\/wp-content\/uploads\/2016\/06\/13508831_149773858766897_6847780851239373598_n-300x169.jpg 300w, http:\/\/www.rincondelbulla.cl\/portal\/wp-content\/uploads\/2016\/06\/13508831_149773858766897_6847780851239373598_n-768x432.jpg 768w, http:\/\/www.rincondelbulla.cl\/portal\/wp-content\/uploads\/2016\/06\/13508831_149773858766897_6847780851239373598_n-696x392.jpg 696w, http:\/\/www.rincondelbulla.cl\/portal\/wp-content\/uploads\/2016\/06\/13508831_149773858766897_6847780851239373598_n-747x420.jpg 747w\" sizes=\"auto, (max-width: 960px) 100vw, 960px\" \/> <img loading=\"lazy\" decoding=\"async\" class=\"aligncenter size-full wp-image-9920\" src=\"http:\/\/www.rincondelbulla.cl\/portal\/wp-content\/uploads\/2016\/06\/13466065_149773832100233_8090816627670042266_n.jpg\" alt=\"13466065_149773832100233_8090816627670042266_n\" width=\"540\" height=\"960\" srcset=\"http:\/\/www.rincondelbulla.cl\/portal\/wp-content\/uploads\/2016\/06\/13466065_149773832100233_8090816627670042266_n.jpg 540w, http:\/\/www.rincondelbulla.cl\/portal\/wp-content\/uploads\/2016\/06\/13466065_149773832100233_8090816627670042266_n-169x300.jpg 169w, http:\/\/www.rincondelbulla.cl\/portal\/wp-content\/uploads\/2016\/06\/13466065_149773832100233_8090816627670042266_n-236x420.jpg 236w\" sizes=\"auto, (max-width: 540px) 100vw, 540px\" \/> <img loading=\"lazy\" decoding=\"async\" class=\"aligncenter size-full wp-image-9921\" src=\"http:\/\/www.rincondelbulla.cl\/portal\/wp-content\/uploads\/2016\/06\/13466447_149800115430938_1919177519366129139_n.jpg\" alt=\"13466447_149800115430938_1919177519366129139_n\" width=\"540\" height=\"960\" srcset=\"http:\/\/www.rincondelbulla.cl\/portal\/wp-content\/uploads\/2016\/06\/13466447_149800115430938_1919177519366129139_n.jpg 540w, http:\/\/www.rincondelbulla.cl\/portal\/wp-content\/uploads\/2016\/06\/13466447_149800115430938_1919177519366129139_n-169x300.jpg 169w, http:\/\/www.rincondelbulla.cl\/portal\/wp-content\/uploads\/2016\/06\/13466447_149800115430938_1919177519366129139_n-236x420.jpg 236w\" sizes=\"auto, (max-width: 540px) 100vw, 540px\" \/> <img loading=\"lazy\" decoding=\"async\" class=\"aligncenter size-full wp-image-9922\" src=\"http:\/\/www.rincondelbulla.cl\/portal\/wp-content\/uploads\/2016\/06\/13501554_149799945430955_1726843835068254742_n-1.jpg\" alt=\"13501554_149799945430955_1726843835068254742_n\" width=\"540\" height=\"960\" srcset=\"http:\/\/www.rincondelbulla.cl\/portal\/wp-content\/uploads\/2016\/06\/13501554_149799945430955_1726843835068254742_n-1.jpg 540w, http:\/\/www.rincondelbulla.cl\/portal\/wp-content\/uploads\/2016\/06\/13501554_149799945430955_1726843835068254742_n-1-169x300.jpg 169w, http:\/\/www.rincondelbulla.cl\/portal\/wp-content\/uploads\/2016\/06\/13501554_149799945430955_1726843835068254742_n-1-236x420.jpg 236w\" sizes=\"auto, (max-width: 540px) 100vw, 540px\" \/><\/p>\n<p><img loading=\"lazy\" decoding=\"async\" class=\"aligncenter size-full wp-image-9929\" src=\"http:\/\/www.rincondelbulla.cl\/portal\/wp-content\/uploads\/2016\/06\/13529216_1744942332448853_2573855805473353852_n.jpg\" alt=\"13529216_1744942332448853_2573855805473353852_n\" width=\"540\" height=\"960\" srcset=\"http:\/\/www.rincondelbulla.cl\/portal\/wp-content\/uploads\/2016\/06\/13529216_1744942332448853_2573855805473353852_n.jpg 540w, http:\/\/www.rincondelbulla.cl\/portal\/wp-content\/uploads\/2016\/06\/13529216_1744942332448853_2573855805473353852_n-169x300.jpg 169w, http:\/\/www.rincondelbulla.cl\/portal\/wp-content\/uploads\/2016\/06\/13529216_1744942332448853_2573855805473353852_n-236x420.jpg 236w\" sizes=\"auto, (max-width: 540px) 100vw, 540px\" \/><\/p>\n<p>&nbsp;<\/p>\n","protected":false},"excerpt":{"rendered":"<p>Con la confirmaci\u00f3n del pr\u00e9stamo de Guzm\u00e1n Pereira a Pe\u00f1arol, un grupo de hinchas azules gestion\u00f3 una despedida de camarader\u00eda para el jugador, en la ocasi\u00f3n, Guzm\u00e1n agradeci\u00f3 el enorme cari\u00f1o recibido por la hinchada del Le\u00f3n.<\/p>\n","protected":false},"author":56,"featured_media":9924,"comment_status":"closed","ping_status":"open","sticky":false,"template":"","format":"standard","meta":{"footnotes":""},"categories":[18],"tags":[281,567,214,102,70,157],"class_list":{"0":"post-9918","1":"post","2":"type-post","3":"status-publish","4":"format-standard","5":"has-post-thumbnail","7":"category-actualidad","8":"tag-guzman-pereira","9":"tag-hinchada","10":"tag-la-u","11":"tag-los-de-abajo","12":"tag-movidas","13":"tag-portada"},"_links":{"self":[{"href":"http:\/\/www.rincondelbulla.cl\/portal\/wp-json\/wp\/v2\/posts\/9918","targetHints":{"allow":["GET"]}}],"collection":[{"href":"http:\/\/www.rincondelbulla.cl\/portal\/wp-json\/wp\/v2\/posts"}],"about":[{"href":"http:\/\/www.rincondelbulla.cl\/portal\/wp-json\/wp\/v2\/types\/post"}],"author":[{"embeddable":true,"href":"http:\/\/www.rincondelbulla.cl\/portal\/wp-json\/wp\/v2\/users\/56"}],"replies":[{"embeddable":true,"href":"http:\/\/www.rincondelbulla.cl\/portal\/wp-json\/wp\/v2\/comments?post=9918"}],"version-history":[{"count":4,"href":"http:\/\/www.rincondelbulla.cl\/portal\/wp-json\/wp\/v2\/posts\/9918\/revisions"}],"predecessor-version":[{"id":9932,"href":"http:\/\/www.rincondelbulla.cl\/portal\/wp-json\/wp\/v2\/posts\/9918\/revisions\/9932"}],"wp:featuredmedia":[{"embeddable":true,"href":"http:\/\/www.rincondelbulla.cl\/portal\/wp-json\/wp\/v2\/media\/9924"}],"wp:attachment":[{"href":"http:\/\/www.rincondelbulla.cl\/portal\/wp-json\/wp\/v2\/media?parent=9918"}],"wp:term":[{"taxonomy":"category","embeddable":true,"href":"http:\/\/www.rincondelbulla.cl\/portal\/wp-json\/wp\/v2\/categories?post=9918"},{"taxonomy":"post_tag","embeddable":true,"href":"http:\/\/www.rincondelbulla.cl\/portal\/wp-json\/wp\/v2\/tags?post=9918"}],"curies":[{"name":"wp","href":"https:\/\/api.w.org\/{rel}","templated":true}]}}