{"id":9941,"date":"2016-06-29T00:20:53","date_gmt":"2016-06-29T04:20:53","guid":{"rendered":"http:\/\/www.rincondelbulla.cl\/portal\/?p=9941"},"modified":"2016-06-29T00:20:53","modified_gmt":"2016-06-29T04:20:53","slug":"refuerzo-en-la-incertidumbre-por-prueba-de-doping","status":"publish","type":"post","link":"http:\/\/www.rincondelbulla.cl\/portal\/2016\/06\/29\/refuerzo-en-la-incertidumbre-por-prueba-de-doping\/","title":{"rendered":"Refuerzo en la incertidumbre por prueba de doping"},"content":{"rendered":"<p><img loading=\"lazy\" decoding=\"async\" class=\"alignnone size-full wp-image-9905\" src=\"http:\/\/www.rincondelbulla.cl\/portal\/wp-content\/uploads\/2016\/06\/2305113.jpg\" alt=\"Gast\u00f3n Fern\u00e1ndez\" width=\"900\" height=\"450\" srcset=\"http:\/\/www.rincondelbulla.cl\/portal\/wp-content\/uploads\/2016\/06\/2305113.jpg 900w, http:\/\/www.rincondelbulla.cl\/portal\/wp-content\/uploads\/2016\/06\/2305113-300x150.jpg 300w, http:\/\/www.rincondelbulla.cl\/portal\/wp-content\/uploads\/2016\/06\/2305113-768x384.jpg 768w, http:\/\/www.rincondelbulla.cl\/portal\/wp-content\/uploads\/2016\/06\/2305113-696x348.jpg 696w, http:\/\/www.rincondelbulla.cl\/portal\/wp-content\/uploads\/2016\/06\/2305113-840x420.jpg 840w\" sizes=\"auto, (max-width: 900px) 100vw, 900px\" \/><\/p>\n<p><strong>Una sorpresiva noticia se vivi\u00f3 durante la tarde de ayer en el Centro Deportivo Azul, \u00a0ya que desde el diario trasandino \u201cClar\u00edn\u201d, aseguraron que Gast\u00f3n Fern\u00e1ndez dio positivo a la prueba de doping luego del partido entre Estudiantes de la Plata, ex equipo del jugador, y Gimnasia el pasado 13 de marzo.<\/strong><!--more--><\/p>\n<p><span style=\"font-weight: 400;\">El cuadro azul recibe esta informaci\u00f3n mientras prepara lo que ser\u00e1 su nueva temporada, a la espera de unos papeles que permitan a Fern\u00e1ndez tomar la conducci\u00f3n del equipo, sin embargo, desde el cuadro azul se\u00f1alan que la informaci\u00f3n no es oficial y esperar\u00e1n la notificaci\u00f3n de la Asociaci\u00f3n de F\u00fatbol Argentino (AFA) para tomar las acciones correspondientes.<\/span><\/p>\n<p><span style=\"font-weight: 400;\">La informaci\u00f3n que lleg\u00f3 desde la prensa argentina indica que Fern\u00e1ndez dio positivo en el dopaje, encontrando Dexametasona en la sangre del jugador. Esta sustancia es usada para controlar dolores y aliviar inflamaciones, la que habr\u00eda usado el Gata el d\u00eda del cl\u00e1sico de la Plata, donde anot\u00f3 dos goles.<\/span><\/p>\n<p><span style=\"font-weight: 400;\">Azul Azul qued\u00f3 a la espera de la ratificaci\u00f3n o no de la AFA, acci\u00f3n que tendr\u00eda consecuencias ya que si Fern\u00e1ndez es confirmado por el doping, podr\u00eda tener sanciones que van desde los tres meses a los dos a\u00f1os, seg\u00fan el reglamento FIFA.<\/span><\/p>\n","protected":false},"excerpt":{"rendered":"<p>Una sorpresiva noticia se vivi\u00f3 durante la tarde de ayer en el Centro Deportivo Azul, \u00a0ya que desde el diario trasandino \u201cClar\u00edn\u201d, aseguraron que Gast\u00f3n Fern\u00e1ndez dio positivo a la prueba de doping luego del partido entre Estudiantes de la Plata, ex equipo del jugador, y Gimnasia el pasado 13 de marzo.<\/p>\n","protected":false},"author":21388,"featured_media":9910,"comment_status":"closed","ping_status":"open","sticky":false,"template":"","format":"standard","meta":{"footnotes":""},"categories":[18],"tags":[804,802,803,197],"class_list":{"0":"post-9941","1":"post","2":"type-post","3":"status-publish","4":"format-standard","5":"has-post-thumbnail","7":"category-actualidad","8":"tag-doping","9":"tag-fernandez","10":"tag-gata","11":"tag-udechile"},"_links":{"self":[{"href":"http:\/\/www.rincondelbulla.cl\/portal\/wp-json\/wp\/v2\/posts\/9941","targetHints":{"allow":["GET"]}}],"collection":[{"href":"http:\/\/www.rincondelbulla.cl\/portal\/wp-json\/wp\/v2\/posts"}],"about":[{"href":"http:\/\/www.rincondelbulla.cl\/portal\/wp-json\/wp\/v2\/types\/post"}],"author":[{"embeddable":true,"href":"http:\/\/www.rincondelbulla.cl\/portal\/wp-json\/wp\/v2\/users\/21388"}],"replies":[{"embeddable":true,"href":"http:\/\/www.rincondelbulla.cl\/portal\/wp-json\/wp\/v2\/comments?post=9941"}],"version-history":[{"count":1,"href":"http:\/\/www.rincondelbulla.cl\/portal\/wp-json\/wp\/v2\/posts\/9941\/revisions"}],"predecessor-version":[{"id":9942,"href":"http:\/\/www.rincondelbulla.cl\/portal\/wp-json\/wp\/v2\/posts\/9941\/revisions\/9942"}],"wp:featuredmedia":[{"embeddable":true,"href":"http:\/\/www.rincondelbulla.cl\/portal\/wp-json\/wp\/v2\/media\/9910"}],"wp:attachment":[{"href":"http:\/\/www.rincondelbulla.cl\/portal\/wp-json\/wp\/v2\/media?parent=9941"}],"wp:term":[{"taxonomy":"category","embeddable":true,"href":"http:\/\/www.rincondelbulla.cl\/portal\/wp-json\/wp\/v2\/categories?post=9941"},{"taxonomy":"post_tag","embeddable":true,"href":"http:\/\/www.rincondelbulla.cl\/portal\/wp-json\/wp\/v2\/tags?post=9941"}],"curies":[{"name":"wp","href":"https:\/\/api.w.org\/{rel}","templated":true}]}}