{"id":9943,"date":"2016-06-30T12:06:24","date_gmt":"2016-06-30T16:06:24","guid":{"rendered":"http:\/\/www.rincondelbulla.cl\/portal\/?p=9943"},"modified":"2016-06-30T12:06:24","modified_gmt":"2016-06-30T16:06:24","slug":"amistoso-ante-deportes-temuco-modifican-horario-del-partido","status":"publish","type":"post","link":"http:\/\/www.rincondelbulla.cl\/portal\/2016\/06\/30\/amistoso-ante-deportes-temuco-modifican-horario-del-partido\/","title":{"rendered":"Amistoso ante Deportes Temuco: Modifican horario del partido"},"content":{"rendered":"<p><img loading=\"lazy\" decoding=\"async\" class=\"aligncenter size-full wp-image-9172\" src=\"http:\/\/www.rincondelbulla.cl\/portal\/wp-content\/uploads\/2016\/03\/hinchada-banderazo2.jpg\" alt=\"hinchada-banderazo2\" width=\"1100\" height=\"733\" srcset=\"http:\/\/www.rincondelbulla.cl\/portal\/wp-content\/uploads\/2016\/03\/hinchada-banderazo2.jpg 1100w, http:\/\/www.rincondelbulla.cl\/portal\/wp-content\/uploads\/2016\/03\/hinchada-banderazo2-300x200.jpg 300w, http:\/\/www.rincondelbulla.cl\/portal\/wp-content\/uploads\/2016\/03\/hinchada-banderazo2-768x512.jpg 768w, http:\/\/www.rincondelbulla.cl\/portal\/wp-content\/uploads\/2016\/03\/hinchada-banderazo2-696x464.jpg 696w, http:\/\/www.rincondelbulla.cl\/portal\/wp-content\/uploads\/2016\/03\/hinchada-banderazo2-1068x712.jpg 1068w, http:\/\/www.rincondelbulla.cl\/portal\/wp-content\/uploads\/2016\/03\/hinchada-banderazo2-630x420.jpg 630w\" sizes=\"auto, (max-width: 1100px) 100vw, 1100px\" \/><\/p>\n<p><strong>La dirigencia de Deportes Temuco inform\u00f3 mediante sus redes sociales que el prtido programado para este s\u00e1bado 2 de julio sufri\u00f3 un modificaci\u00f3n en su horario, esto, tomando en cuenta las medidas de seguridad necesarias para que el encuentro se desarrolle de forma normal. Las entradas ya est\u00e1n a la venta y los hinchas de la U tienen adjudicado un sector del estadio.<\/strong><!--more--><\/p>\n<p>En primera instancia estaba programado para jugarse a las 19:45 de este s\u00e1bado, sin embargo, luego de conversaciones entre la directiva del cuadro albiverde y las autoridades locales, se decidi\u00f3 que el encuentro finalmente se dispute a las 15:30 hrs.<\/p>\n<p>Las razones expuestas para este cambio son de seguridad, ya que se prevee una gran concurrencia de hinchas azules, lo cual podr\u00eda generar algunas complicaciones, indican las autoridades.<\/p>\n<p>Mientras tanto las entradas siguen vendi\u00e9ndose y para los hinchas azules que vayan a alentar al Rom\u00e1ntico Viajero, la dirigencia de Deportes Temuco dispuso del sector de galer\u00eda Caut\u00edn del estadio para uso exclusivo de hinchas de la U. Quienes deseen comprar entradas deber\u00e1n hacerlo directamente en las boleter\u00eda del Estadio Germ\u00e1n Becker y tienen plazo hasta el viernes 1 de julio para hacerlo, entre las 11 y las 19 horas.El valor de cada ticket es de $ 5.000.<\/p>\n<p>Mientras que los hinchas que deseen ingresar otro sector de estadio lo podr\u00e1n adquirir sus entradas mediante el sistema Punto Ticket <a href=\"http:\/\/www.puntoticket.com\/Evento.aspx?EventoID=CDT001\">aqu\u00ed<\/a>.<\/p>\n<p>Recuerden que es obligaci\u00f3n que todos quienes asistan a este encuentro deber\u00e1n portar su c\u00e9dula de identidad.<\/p>\n<p>&nbsp;<\/p>\n<p>&nbsp;<\/p>\n<p>&nbsp;<\/p>\n","protected":false},"excerpt":{"rendered":"<p>La dirigencia de Deportes Temuco inform\u00f3 mediante sus redes sociales que el prtido programado para este s\u00e1bado 2 de julio sufri\u00f3 un modificaci\u00f3n en su horario, esto, tomando en cuenta las medidas de seguridad necesarias para que el encuentro se desarrolle de forma normal. Las entradas ya est\u00e1n a la venta y los hinchas de [&#8230;]<\/p>\n","protected":false},"author":56,"featured_media":9172,"comment_status":"closed","ping_status":"open","sticky":false,"template":"","format":"standard","meta":{"footnotes":""},"categories":[18],"tags":[454,157,404,156],"class_list":{"0":"post-9943","1":"post","2":"type-post","3":"status-publish","4":"format-standard","5":"has-post-thumbnail","7":"category-actualidad","8":"tag-actualidad","9":"tag-portada","10":"tag-pretemporada","11":"tag-universidad-de-chile"},"_links":{"self":[{"href":"http:\/\/www.rincondelbulla.cl\/portal\/wp-json\/wp\/v2\/posts\/9943","targetHints":{"allow":["GET"]}}],"collection":[{"href":"http:\/\/www.rincondelbulla.cl\/portal\/wp-json\/wp\/v2\/posts"}],"about":[{"href":"http:\/\/www.rincondelbulla.cl\/portal\/wp-json\/wp\/v2\/types\/post"}],"author":[{"embeddable":true,"href":"http:\/\/www.rincondelbulla.cl\/portal\/wp-json\/wp\/v2\/users\/56"}],"replies":[{"embeddable":true,"href":"http:\/\/www.rincondelbulla.cl\/portal\/wp-json\/wp\/v2\/comments?post=9943"}],"version-history":[{"count":1,"href":"http:\/\/www.rincondelbulla.cl\/portal\/wp-json\/wp\/v2\/posts\/9943\/revisions"}],"predecessor-version":[{"id":9944,"href":"http:\/\/www.rincondelbulla.cl\/portal\/wp-json\/wp\/v2\/posts\/9943\/revisions\/9944"}],"wp:featuredmedia":[{"embeddable":true,"href":"http:\/\/www.rincondelbulla.cl\/portal\/wp-json\/wp\/v2\/media\/9172"}],"wp:attachment":[{"href":"http:\/\/www.rincondelbulla.cl\/portal\/wp-json\/wp\/v2\/media?parent=9943"}],"wp:term":[{"taxonomy":"category","embeddable":true,"href":"http:\/\/www.rincondelbulla.cl\/portal\/wp-json\/wp\/v2\/categories?post=9943"},{"taxonomy":"post_tag","embeddable":true,"href":"http:\/\/www.rincondelbulla.cl\/portal\/wp-json\/wp\/v2\/tags?post=9943"}],"curies":[{"name":"wp","href":"https:\/\/api.w.org\/{rel}","templated":true}]}}