{"id":9950,"date":"2016-07-04T22:24:32","date_gmt":"2016-07-05T02:24:32","guid":{"rendered":"http:\/\/www.rincondelbulla.cl\/portal\/?p=9950"},"modified":"2016-07-04T22:29:06","modified_gmt":"2016-07-05T02:29:06","slug":"el-chiche-se-niegan-a-partir","status":"publish","type":"post","link":"http:\/\/www.rincondelbulla.cl\/portal\/2016\/07\/04\/el-chiche-se-niegan-a-partir\/","title":{"rendered":"El \u00abChiche\u00bb se niega a partir"},"content":{"rendered":"<p><img loading=\"lazy\" decoding=\"async\" class=\"alignnone size-full wp-image-8310\" src=\"http:\/\/www.rincondelbulla.cl\/portal\/wp-content\/uploads\/2016\/02\/VB4A45421.jpg\" alt=\"VB4A4542(1)\" width=\"1100\" height=\"733\" srcset=\"http:\/\/www.rincondelbulla.cl\/portal\/wp-content\/uploads\/2016\/02\/VB4A45421.jpg 1100w, http:\/\/www.rincondelbulla.cl\/portal\/wp-content\/uploads\/2016\/02\/VB4A45421-300x200.jpg 300w, http:\/\/www.rincondelbulla.cl\/portal\/wp-content\/uploads\/2016\/02\/VB4A45421-768x512.jpg 768w, http:\/\/www.rincondelbulla.cl\/portal\/wp-content\/uploads\/2016\/02\/VB4A45421-696x464.jpg 696w, http:\/\/www.rincondelbulla.cl\/portal\/wp-content\/uploads\/2016\/02\/VB4A45421-1068x712.jpg 1068w, http:\/\/www.rincondelbulla.cl\/portal\/wp-content\/uploads\/2016\/02\/VB4A45421-630x420.jpg 630w\" sizes=\"auto, (max-width: 1100px) 100vw, 1100px\" \/><\/p>\n<p><strong>El uruguayo asegur\u00f3 sentirse tranquilo en la \u00abU\u00bb, por lo que no ve en su horizonte partir. Habr\u00eda rechazado una importante oferta de un viejo conocido.<\/strong><!--more--><\/p>\n<p>Con la partido de Ricardo Guzm\u00e1n Pereira, el \u00fanico representante en el CDA de la m\u00edstica \u201cgarra charr\u00faa\u201d es Mathias Corujo. Pero, la incertidumbre sobre su continuidad, y los reiterados rumores sobre ofertas por \u00e9l y el supuesto inter\u00e9s por Azul Azul en dejarlo partir, mantiene en alerta a la hinchada.<\/p>\n<p>Sin embargo fue el propio \u201cChiche\u201d quien sali\u00f3 a aclarar su presente. <strong>\u00abA m\u00ed me queda un a\u00f1o de contrato, estoy muy bien ac\u00e1\u201d,<\/strong> dijo Corujo, aunque reconoci\u00f3 haber sido contactado desde M\u00e9xico.<\/p>\n<p>Tambi\u00e9n tuvo tiempo de confesar que rechaz\u00f3 una oferta formal de Nacional de Uruguay, que ahora es dirigido por un viejo conocido azul: Mart\u00edn Lasarte.<\/p>\n<p><strong>\u00abHabl\u00e9 con Rodolfo Neme y Seba Eguren (ex miembros del cuerpo t\u00e9cnico de la \u201cU\u201d en la era de \u201cMachete\u201d). Me preguntaron c\u00f3mo estaba mi situaci\u00f3n. No me llam\u00f3 Mart\u00edn personalmente. Les dije que mi intenci\u00f3n es seguir en el exterior y no pegar la vuelta todav\u00eda\u201d,<\/strong> indic\u00f3 el seleccionado charr\u00faa, agregando que agradeci\u00f3 su inter\u00e9s y asegurando que Lasarte <strong>\u201ces de los mejores t\u00e9cnico que tuve en mi carrera\u201d.<\/strong><\/p>\n<p>Con estas palabras confirma contactos desde el extranjero, que no est\u00e1 en mente volver a Uruguay y que quiere cumplir sus compromisos con la \u201cU\u201d.<\/p>\n","protected":false},"excerpt":{"rendered":"<p>El uruguayo asegur\u00f3 sentirse tranquilo en la \u00abU\u00bb, por lo que no ve en su horizonte partir. Habr\u00eda rechazado una importante oferta de un viejo conocido.<\/p>\n","protected":false},"author":21382,"featured_media":8590,"comment_status":"closed","ping_status":"open","sticky":false,"template":"","format":"standard","meta":{"footnotes":""},"categories":[18],"tags":[454,174,806,248,224,257,808,807,157,294,156,282],"class_list":{"0":"post-9950","1":"post","2":"type-post","3":"status-publish","4":"format-standard","5":"has-post-thumbnail","7":"category-actualidad","8":"tag-actualidad","9":"tag-azul-azul","10":"tag-chiche","11":"tag-guzman-pereria","12":"tag-martin-lasarte","13":"tag-mathias-corujo","14":"tag-mexico","15":"tag-nacional","16":"tag-portada","17":"tag-u-de-chile","18":"tag-universidad-de-chile","19":"tag-uruguay"},"_links":{"self":[{"href":"http:\/\/www.rincondelbulla.cl\/portal\/wp-json\/wp\/v2\/posts\/9950","targetHints":{"allow":["GET"]}}],"collection":[{"href":"http:\/\/www.rincondelbulla.cl\/portal\/wp-json\/wp\/v2\/posts"}],"about":[{"href":"http:\/\/www.rincondelbulla.cl\/portal\/wp-json\/wp\/v2\/types\/post"}],"author":[{"embeddable":true,"href":"http:\/\/www.rincondelbulla.cl\/portal\/wp-json\/wp\/v2\/users\/21382"}],"replies":[{"embeddable":true,"href":"http:\/\/www.rincondelbulla.cl\/portal\/wp-json\/wp\/v2\/comments?post=9950"}],"version-history":[{"count":4,"href":"http:\/\/www.rincondelbulla.cl\/portal\/wp-json\/wp\/v2\/posts\/9950\/revisions"}],"predecessor-version":[{"id":9954,"href":"http:\/\/www.rincondelbulla.cl\/portal\/wp-json\/wp\/v2\/posts\/9950\/revisions\/9954"}],"wp:featuredmedia":[{"embeddable":true,"href":"http:\/\/www.rincondelbulla.cl\/portal\/wp-json\/wp\/v2\/media\/8590"}],"wp:attachment":[{"href":"http:\/\/www.rincondelbulla.cl\/portal\/wp-json\/wp\/v2\/media?parent=9950"}],"wp:term":[{"taxonomy":"category","embeddable":true,"href":"http:\/\/www.rincondelbulla.cl\/portal\/wp-json\/wp\/v2\/categories?post=9950"},{"taxonomy":"post_tag","embeddable":true,"href":"http:\/\/www.rincondelbulla.cl\/portal\/wp-json\/wp\/v2\/tags?post=9950"}],"curies":[{"name":"wp","href":"https:\/\/api.w.org\/{rel}","templated":true}]}}