{"id":9991,"date":"2016-07-10T18:51:58","date_gmt":"2016-07-10T22:51:58","guid":{"rendered":"http:\/\/www.rincondelbulla.cl\/portal\/?p=9991"},"modified":"2016-07-10T18:51:58","modified_gmt":"2016-07-10T22:51:58","slug":"el-analisis-del-empate-ante-estudiantes-de-la-plata-nos-vamos-poniendo-a-tono-y-este-partido-nos-servira-para-lo-que-viene","status":"publish","type":"post","link":"http:\/\/www.rincondelbulla.cl\/portal\/2016\/07\/10\/el-analisis-del-empate-ante-estudiantes-de-la-plata-nos-vamos-poniendo-a-tono-y-este-partido-nos-servira-para-lo-que-viene\/","title":{"rendered":"El an\u00e1lisis del empate ante Estudiantes de La Plata: \u201cNos vamos poniendo a tono y este partido nos servir\u00e1 para lo que viene\u201d"},"content":{"rendered":"<figure id=\"attachment_9992\" aria-describedby=\"caption-attachment-9992\" style=\"width: 1086px\" class=\"wp-caption alignnone\"><img loading=\"lazy\" decoding=\"async\" class=\"size-full wp-image-9992\" src=\"http:\/\/www.rincondelbulla.cl\/portal\/wp-content\/uploads\/2016\/07\/thumb__M8A9298_1024.jpg\" alt=\"En el camar\u00edn valoraron el desempe\u00f1o demostrado y saben que pueden, y deben, seguir progresando. Foto: Claudio C\u00e1ceres\" width=\"1086\" height=\"724\" srcset=\"http:\/\/www.rincondelbulla.cl\/portal\/wp-content\/uploads\/2016\/07\/thumb__M8A9298_1024.jpg 1086w, http:\/\/www.rincondelbulla.cl\/portal\/wp-content\/uploads\/2016\/07\/thumb__M8A9298_1024-300x200.jpg 300w, http:\/\/www.rincondelbulla.cl\/portal\/wp-content\/uploads\/2016\/07\/thumb__M8A9298_1024-768x512.jpg 768w, http:\/\/www.rincondelbulla.cl\/portal\/wp-content\/uploads\/2016\/07\/thumb__M8A9298_1024-696x464.jpg 696w, http:\/\/www.rincondelbulla.cl\/portal\/wp-content\/uploads\/2016\/07\/thumb__M8A9298_1024-1068x712.jpg 1068w, http:\/\/www.rincondelbulla.cl\/portal\/wp-content\/uploads\/2016\/07\/thumb__M8A9298_1024-630x420.jpg 630w\" sizes=\"auto, (max-width: 1086px) 100vw, 1086px\" \/><figcaption id=\"caption-attachment-9992\" class=\"wp-caption-text\">En el camar\u00edn valoraron el desempe\u00f1o demostrado y saben que pueden, y deben, seguir progresando. Foto: Claudio C\u00e1ceres<\/figcaption><\/figure>\n<p><strong>La igualdad ante el \u201cpincharrata\u201d dejo varias postales: la figura de Felipe Mora, el debut de \u201cLa Gata\u201d Fern\u00e1ndez y la confianza en seguir evolucionando del DT.<\/strong><!--more--><\/p>\n<p>Conformidad por lo demostrado durante los noventa minutos se evidenciaba en el camar\u00edn azul, tras igualar 2-2 ante Estudiantes de La Plata, en partido amistoso disputado este s\u00e1bado en el Estadio Nacional.<\/p>\n<p><strong>\u00a0<\/strong>En su an\u00e1lisis del encuentro, Sebasti\u00e1n Beccaccece indic\u00f3 que \u00ab<strong>hubo cosas positivas, como la intenci\u00f3n de jugar y presionar a un rival que tambi\u00e9n intent\u00f3 jugar. Se vio un partido entretenido, de alto ritmo<\/strong>\u00ab. En su visi\u00f3n del partido, el argentino agreg\u00f3 que <strong>\u00aben el segundo tiempo, despu\u00e9s de algunas modificaciones y el cambio de sistema, el equipo se encontr\u00f3 m\u00e1s suelto y encontr\u00f3 m\u00e1s l\u00edneas de pases\u00bb.<\/strong><\/p>\n<p>Sobre el avance en el juego de los azules, el DT se mostr\u00f3 conforme y asever\u00f3 que <strong>\u201ctodav\u00eda tenemos quince d\u00edas para seguir encontrando el punto justo, para seguir evolucionando y tratar de encontrar lo que la gente quiere ver, que el equipo se entregue\u00bb<\/strong>.<\/p>\n<p>Felipe Mora, la figura del partido tras anotar los dos goles de la \u201cU\u201d, declar\u00f3 que con todos los jugadores \u201c<strong>hay un buen equipo. D\u00eda a d\u00eda nos vamos poniendo a tono y este partido ante Estudiantes nos servir\u00e1 para lo que viene\u201d<\/strong>.<\/p>\n<p>Por su parte, Gast\u00f3n \u201cLa Gata\u201d Fern\u00e1ndez, quien jug\u00f3 sus primeros minutos vestido de azul, hizo un balance de sus minutos en cancha. El ex \u201cpincharrata\u201d dijo estar <strong>\u201ccontento por el debut despu\u00e9s de varias semanas y por lo que mostramos. Fue un partido que, seg\u00fan creo, debimos haber ganado\u201d<\/strong>.<\/p>\n","protected":false},"excerpt":{"rendered":"<p>La igualdad ante el \u201cpincharrata\u201d dejo varias postales: la figura de Felipe Mora, el debut de \u201cLa Gata\u201d Fern\u00e1ndez y la confianza en seguir evolucionando del DT.<\/p>\n","protected":false},"author":21382,"featured_media":9998,"comment_status":"closed","ping_status":"open","sticky":false,"template":"","format":"standard","meta":{"footnotes":""},"categories":[18],"tags":[],"class_list":{"0":"post-9991","1":"post","2":"type-post","3":"status-publish","4":"format-standard","5":"has-post-thumbnail","7":"category-actualidad"},"_links":{"self":[{"href":"http:\/\/www.rincondelbulla.cl\/portal\/wp-json\/wp\/v2\/posts\/9991","targetHints":{"allow":["GET"]}}],"collection":[{"href":"http:\/\/www.rincondelbulla.cl\/portal\/wp-json\/wp\/v2\/posts"}],"about":[{"href":"http:\/\/www.rincondelbulla.cl\/portal\/wp-json\/wp\/v2\/types\/post"}],"author":[{"embeddable":true,"href":"http:\/\/www.rincondelbulla.cl\/portal\/wp-json\/wp\/v2\/users\/21382"}],"replies":[{"embeddable":true,"href":"http:\/\/www.rincondelbulla.cl\/portal\/wp-json\/wp\/v2\/comments?post=9991"}],"version-history":[{"count":1,"href":"http:\/\/www.rincondelbulla.cl\/portal\/wp-json\/wp\/v2\/posts\/9991\/revisions"}],"predecessor-version":[{"id":9999,"href":"http:\/\/www.rincondelbulla.cl\/portal\/wp-json\/wp\/v2\/posts\/9991\/revisions\/9999"}],"wp:featuredmedia":[{"embeddable":true,"href":"http:\/\/www.rincondelbulla.cl\/portal\/wp-json\/wp\/v2\/media\/9998"}],"wp:attachment":[{"href":"http:\/\/www.rincondelbulla.cl\/portal\/wp-json\/wp\/v2\/media?parent=9991"}],"wp:term":[{"taxonomy":"category","embeddable":true,"href":"http:\/\/www.rincondelbulla.cl\/portal\/wp-json\/wp\/v2\/categories?post=9991"},{"taxonomy":"post_tag","embeddable":true,"href":"http:\/\/www.rincondelbulla.cl\/portal\/wp-json\/wp\/v2\/tags?post=9991"}],"curies":[{"name":"wp","href":"https:\/\/api.w.org\/{rel}","templated":true}]}}