{"id":10195,"date":"2016-08-07T01:26:30","date_gmt":"2016-08-07T05:26:30","guid":{"rendered":"http:\/\/www.rincondelbulla.cl\/portal\/?p=10195"},"modified":"2016-08-07T04:23:09","modified_gmt":"2016-08-07T08:23:09","slug":"beccacece-y-su-continuidad-la-dirigencia-no-me-dijo-nada","status":"publish","type":"post","link":"https:\/\/www.rincondelbulla.cl\/portal\/2016\/08\/07\/beccacece-y-su-continuidad-la-dirigencia-no-me-dijo-nada\/","title":{"rendered":"Beccacece y su continuidad: \u201cLa dirigencia no me dijo nada (&#8230;) Siento que tengo que seguir\u00bb"},"content":{"rendered":"<figure id=\"attachment_8114\" aria-describedby=\"caption-attachment-8114\" style=\"width: 960px\" class=\"wp-caption alignnone\"><img loading=\"lazy\" decoding=\"async\" class=\"wp-image-8114 size-full\" src=\"http:\/\/www.rincondelbulla.cl\/portal\/wp-content\/uploads\/2016\/01\/Beccacece.jpg\" width=\"960\" height=\"539\" srcset=\"https:\/\/www.rincondelbulla.cl\/portal\/wp-content\/uploads\/2016\/01\/Beccacece.jpg 960w, https:\/\/www.rincondelbulla.cl\/portal\/wp-content\/uploads\/2016\/01\/Beccacece-300x168.jpg 300w, https:\/\/www.rincondelbulla.cl\/portal\/wp-content\/uploads\/2016\/01\/Beccacece-768x431.jpg 768w, https:\/\/www.rincondelbulla.cl\/portal\/wp-content\/uploads\/2016\/01\/Beccacece-696x391.jpg 696w, https:\/\/www.rincondelbulla.cl\/portal\/wp-content\/uploads\/2016\/01\/Beccacece-748x420.jpg 748w\" sizes=\"auto, (max-width: 960px) 100vw, 960px\" \/><figcaption id=\"caption-attachment-8114\" class=\"wp-caption-text\">Tras el empate ante Antofagasta, los cr\u00e9ditos del DT azul comienzan a acabarse y los hinchas piden su salida.<\/figcaption><\/figure>\n<p><strong>La \u201cU\u201d no lo sigue pasando bien y este s\u00e1bado qued\u00f3 en evidencia tras el empate ante Antofagasta. El cr\u00e9dito al DT azul se acaba y los hinchas ya comienzan a pedir su salida.<\/strong><!--more--><\/p>\n<p>Un nuevo tropiezo, una nueva decepci\u00f3n. Pese a poseer el plantel m\u00e1s completo del futbol chileno, Universidad de Chile sigue sin conocer de triunfos y volvi\u00f3 a perder puntos, esta vez al empatar frente a Antofagasta.<\/p>\n<p>En conferencia de prensa y al ser consultado por su continuidad, Sebasti\u00e1n Beccacece asegur\u00f3 que <strong>\u00abA m\u00ed la dirigencia no me dijo nada\u00bb<\/strong>. Esto tras los rumores que una reuni\u00f3n de emergencia este mi\u00e9rcoles 10 de agosto, Azul Azul decidir\u00e1 el futuro del trasandino en la banca universitaria.<\/p>\n<p>En lo futbol\u00edstico, el entrenador reconoci\u00f3 que quedaron con un \u201csabor amargo\u201d tras la igualdad. <strong>\u201cQuedamos con la sensaci\u00f3n de haber intentado, tengo impotencia por el resultado, hicimos lo m\u00e1s dif\u00edcil que es abrir el marcador y en la \u00fanica ocasi\u00f3n que tuvieron nos empataron\u00bb.<\/strong><\/p>\n<p>Sobre las cr\u00edticas de los hinchas una vez finalizado el encuentro, Beccacece se\u00f1al\u00f3 que <strong>\u00ablo de la gente es totalmente entendible, ellos pagan la entrada y nosotros no pudimos dar lo que ellos buscan y merecen. Siento que tengo que seguir insistiendo, seguir trabajando, la idea es finalizar el torneo y de ah\u00ed hacer una evaluaci\u00f3n\u00bb.<\/strong><\/p>\n<p>Sobre el futuro de \u00e9l y su plantel, el DT indic\u00f3 <strong>\u00abestoy convencido, sigo con fuerza, insistiendo, estos momentos requieren de mucha tranquilidad y humildad. No pudimos sostener el resultado, es algo que tenemos que revisar\u00bb.<\/strong><\/p>\n<p><strong>\u201cNO TENEMOS EXCUSAS, SOMOS TODOS CULPABLES\u201d<\/strong><\/p>\n<p>Uno que analiz\u00f3 el partido tras su t\u00e9rmino, fue el capit\u00e1n y referente azul Johnny Herrera. El portero asegur\u00f3 que <strong>\u201cen verdad no tenemos excusas. Jugamos contra un equipo que tiene derecho a meter a su equipo en el \u00e1rea. Por peque\u00f1os detalles terminas perdiendo tres puntos que eran importantes\u201d.<\/strong> Agreg\u00f3 que <strong>\u201cla responsabilidad es nuestra, los metimos en el arco sin tener tantas claras posibilidades. Triste es la palabra, merec\u00edamos ganar\u201d.<\/strong><\/p>\n<p>Sobre el pr\u00f3ximo partido frente a San Luis de Quillota, en esa ciudad, el capit\u00e1n indico que <strong>\u201cson todos los partidos distintos. Si presionamos, buscamos y metemos a San Luis en su \u00e1rea, deber\u00edamos ganar. Este tipo de partido no se da siempre\u201d.<\/strong><\/p>\n<p>Finalmente, consultado por la responsabilidad del plantel y el papel de Sebasti\u00e1n Beccacece, Herrera no eludi\u00f3 responsabilidades y asumi\u00f3 estar <strong>\u201ccompletamente convencido con lo que el equipo tiene que demostrar. Hay un tema individual que no estamos a la altura del equipo. Somos todos culpables de lo que est\u00e1 pasando a la \u201cU\u201d, m\u00e1s all\u00e1 de que van dos fechas. Tengo la convicci\u00f3n de que vamos a salir adelante y que vamos a empezar\u00a0 a ganar partidos\u201d.<\/strong><\/p>\n","protected":false},"excerpt":{"rendered":"<p>La \u201cU\u201d no lo sigue pasando bien y este s\u00e1bado qued\u00f3 en evidencia tras el empate ante Antofagasta. El cr\u00e9dito al DT azul se acaba y los hinchas ya comienzan a pedir su salida.<\/p>\n","protected":false},"author":21382,"featured_media":10190,"comment_status":"closed","ping_status":"open","sticky":false,"template":"","format":"standard","meta":{"footnotes":""},"categories":[18],"tags":[454,365,174,499,41,157,452,537,294,156],"class_list":{"0":"post-10195","1":"post","2":"type-post","3":"status-publish","4":"format-standard","5":"has-post-thumbnail","7":"category-actualidad","8":"tag-actualidad","9":"tag-antofagasta","10":"tag-azul-azul","11":"tag-continuidad","12":"tag-johnny-herrera","13":"tag-portada","14":"tag-san-luis-de-quillota","15":"tag-sebastian-beccacece","16":"tag-u-de-chile","17":"tag-universidad-de-chile"},"_links":{"self":[{"href":"https:\/\/www.rincondelbulla.cl\/portal\/wp-json\/wp\/v2\/posts\/10195","targetHints":{"allow":["GET"]}}],"collection":[{"href":"https:\/\/www.rincondelbulla.cl\/portal\/wp-json\/wp\/v2\/posts"}],"about":[{"href":"https:\/\/www.rincondelbulla.cl\/portal\/wp-json\/wp\/v2\/types\/post"}],"author":[{"embeddable":true,"href":"https:\/\/www.rincondelbulla.cl\/portal\/wp-json\/wp\/v2\/users\/21382"}],"replies":[{"embeddable":true,"href":"https:\/\/www.rincondelbulla.cl\/portal\/wp-json\/wp\/v2\/comments?post=10195"}],"version-history":[{"count":3,"href":"https:\/\/www.rincondelbulla.cl\/portal\/wp-json\/wp\/v2\/posts\/10195\/revisions"}],"predecessor-version":[{"id":10199,"href":"https:\/\/www.rincondelbulla.cl\/portal\/wp-json\/wp\/v2\/posts\/10195\/revisions\/10199"}],"wp:featuredmedia":[{"embeddable":true,"href":"https:\/\/www.rincondelbulla.cl\/portal\/wp-json\/wp\/v2\/media\/10190"}],"wp:attachment":[{"href":"https:\/\/www.rincondelbulla.cl\/portal\/wp-json\/wp\/v2\/media?parent=10195"}],"wp:term":[{"taxonomy":"category","embeddable":true,"href":"https:\/\/www.rincondelbulla.cl\/portal\/wp-json\/wp\/v2\/categories?post=10195"},{"taxonomy":"post_tag","embeddable":true,"href":"https:\/\/www.rincondelbulla.cl\/portal\/wp-json\/wp\/v2\/tags?post=10195"}],"curies":[{"name":"wp","href":"https:\/\/api.w.org\/{rel}","templated":true}]}}