{"id":10326,"date":"2016-08-30T11:00:19","date_gmt":"2016-08-30T15:00:19","guid":{"rendered":"http:\/\/www.rincondelbulla.cl\/portal\/?p=10326"},"modified":"2016-08-30T11:00:19","modified_gmt":"2016-08-30T15:00:19","slug":"beccacece-se-sincero-tras-el-refrigerazo-lo-he-pasado-mal-la-accion-fue-desmedida","status":"publish","type":"post","link":"https:\/\/www.rincondelbulla.cl\/portal\/2016\/08\/30\/beccacece-se-sincero-tras-el-refrigerazo-lo-he-pasado-mal-la-accion-fue-desmedida\/","title":{"rendered":"Beccacece se sincer\u00f3 tras el \u201cRefrigerazo\u201d: \u00abLo he pasado mal\u2026 la acci\u00f3n fue desmedida\u201d"},"content":{"rendered":"<figure id=\"attachment_10322\" aria-describedby=\"caption-attachment-10322\" style=\"width: 899px\" class=\"wp-caption alignnone\"><img loading=\"lazy\" decoding=\"async\" class=\"size-full wp-image-10322\" src=\"http:\/\/www.rincondelbulla.cl\/portal\/wp-content\/uploads\/2016\/08\/IMG_5874.jpg\" alt=\"Varias fechas de suspenci\u00f3n podr\u00eda recibir el DT trasandino, arriesgando incluso su presencia en el Supercl\u00e1sico.\" width=\"899\" height=\"600\" srcset=\"https:\/\/www.rincondelbulla.cl\/portal\/wp-content\/uploads\/2016\/08\/IMG_5874.jpg 899w, https:\/\/www.rincondelbulla.cl\/portal\/wp-content\/uploads\/2016\/08\/IMG_5874-300x200.jpg 300w, https:\/\/www.rincondelbulla.cl\/portal\/wp-content\/uploads\/2016\/08\/IMG_5874-768x513.jpg 768w, https:\/\/www.rincondelbulla.cl\/portal\/wp-content\/uploads\/2016\/08\/IMG_5874-696x465.jpg 696w, https:\/\/www.rincondelbulla.cl\/portal\/wp-content\/uploads\/2016\/08\/IMG_5874-629x420.jpg 629w\" sizes=\"auto, (max-width: 899px) 100vw, 899px\" \/><figcaption id=\"caption-attachment-10322\" class=\"wp-caption-text\">Varias fechas de suspensi\u00f3n podr\u00eda recibir el DT trasandino, arriesgando incluso su presencia en el Supercl\u00e1sico.<\/figcaption><\/figure>\n<p><strong>El DT azul hizo su mea culpa y reconoci\u00f3 que cometi\u00f3 un grave error. Asegura que acatar\u00e1 lo que dictamine la ANFP.<\/strong><!--more--><\/p>\n<p>Tres d\u00edas han pasado desde que la \u201cU\u201d cay\u00f3 en el Cl\u00e1sico Universitario, pero la patada de Sebasti\u00e1n Beccacece a un refrigerador sigue dando que hablar.<\/p>\n<p>El \u00e1rbitro del partido Roberto Tobar entreg\u00f3 su informe del partido este lunes, en el cual consigna \u00a0que apoy\u00e1ndose en el registro televisivo se percat\u00f3 que el <strong>\u00abdirector t\u00e9cnico de U. de Chile, Sr. Sebasti\u00e1n Beccacece, despu\u00e9s de haber sancionado un tiro penal, lanzar una violenta patada en forma de plancha sobre un refrigerador ubicado al lado de la banca t\u00e9cnica, bot\u00e1ndolo de forma estrepitosa. Acto que no pudo ser visto por el cuerpo arbitral, ya que debi\u00f3 haber sido expulsado por su conducta violenta\u00bb. <\/strong>Esta acci\u00f3n le signific\u00f3 ser citado la pr\u00f3xima semana al Tribunal de penalidades de la ANFP.<\/p>\n<p>Este martes en conferencia de prensa, el entrenador trasandino se sincer\u00f3, dijo sentir verg\u00fcenza y reconoci\u00f3 su error. <strong>\u00abLo he pasado mal, porque soy padre de dos ni\u00f1as y considero que la acci\u00f3n ha sido desmedida. Mi hija mayor me dijo &#8216;me ense\u00f1aste a saber perder&#8217; y me vio que no s\u00e9 perder. Debo aceptar lo que pase en tribunales\u00bb,<\/strong> asegur\u00f3 Beccacece.<\/p>\n<p><strong>\u00abEs la primera vez que cometo una acci\u00f3n as\u00ed, no la justifico, me parece exagerada y fue un error grosero de mi parte\u201d<\/strong>, continu\u00f3 el estratega, agregando que <strong>\u201ceste tipo de acciones deterioran mi imagen y va en contra de lo que yo siento, que es marcar una disciplina para un grupo\u201d.<\/strong><\/p>\n<p>Sebasti\u00e1n Beccacece deber\u00e1 comparecer ante el Tribunal de Penalidades de la ANFP la pr\u00f3xima semana, al igual que el defensa Gonzalo Jara.<\/p>\n","protected":false},"excerpt":{"rendered":"<p>El DT azul hizo su mea culpa y reconoci\u00f3 que cometi\u00f3 un grave error. Asegura que acatar\u00e1 lo que dictamine la ANFP.<\/p>\n","protected":false},"author":21382,"featured_media":10322,"comment_status":"closed","ping_status":"open","sticky":false,"template":"","format":"standard","meta":{"footnotes":""},"categories":[18],"tags":[454,385,71,531,876,157,874,877,537,875,294,156],"class_list":{"0":"post-10326","1":"post","2":"type-post","3":"status-publish","4":"format-standard","5":"has-post-thumbnail","7":"category-actualidad","8":"tag-actualidad","9":"tag-anfp","10":"tag-clasico-universitario","11":"tag-gonzalo-jara","12":"tag-informe","13":"tag-portada","14":"tag-refrigerazo","15":"tag-roberto-tobar","16":"tag-sebastian-beccacece","17":"tag-tribunal-de-penalidades","18":"tag-u-de-chile","19":"tag-universidad-de-chile"},"_links":{"self":[{"href":"https:\/\/www.rincondelbulla.cl\/portal\/wp-json\/wp\/v2\/posts\/10326","targetHints":{"allow":["GET"]}}],"collection":[{"href":"https:\/\/www.rincondelbulla.cl\/portal\/wp-json\/wp\/v2\/posts"}],"about":[{"href":"https:\/\/www.rincondelbulla.cl\/portal\/wp-json\/wp\/v2\/types\/post"}],"author":[{"embeddable":true,"href":"https:\/\/www.rincondelbulla.cl\/portal\/wp-json\/wp\/v2\/users\/21382"}],"replies":[{"embeddable":true,"href":"https:\/\/www.rincondelbulla.cl\/portal\/wp-json\/wp\/v2\/comments?post=10326"}],"version-history":[{"count":1,"href":"https:\/\/www.rincondelbulla.cl\/portal\/wp-json\/wp\/v2\/posts\/10326\/revisions"}],"predecessor-version":[{"id":10327,"href":"https:\/\/www.rincondelbulla.cl\/portal\/wp-json\/wp\/v2\/posts\/10326\/revisions\/10327"}],"wp:featuredmedia":[{"embeddable":true,"href":"https:\/\/www.rincondelbulla.cl\/portal\/wp-json\/wp\/v2\/media\/10322"}],"wp:attachment":[{"href":"https:\/\/www.rincondelbulla.cl\/portal\/wp-json\/wp\/v2\/media?parent=10326"}],"wp:term":[{"taxonomy":"category","embeddable":true,"href":"https:\/\/www.rincondelbulla.cl\/portal\/wp-json\/wp\/v2\/categories?post=10326"},{"taxonomy":"post_tag","embeddable":true,"href":"https:\/\/www.rincondelbulla.cl\/portal\/wp-json\/wp\/v2\/tags?post=10326"}],"curies":[{"name":"wp","href":"https:\/\/api.w.org\/{rel}","templated":true}]}}