{"id":10329,"date":"2016-08-30T17:18:47","date_gmt":"2016-08-30T21:18:47","guid":{"rendered":"http:\/\/www.rincondelbulla.cl\/portal\/?p=10329"},"modified":"2016-08-30T17:18:47","modified_gmt":"2016-08-30T21:18:47","slug":"revancha-la-u-ya-tiene-fecha-y-lugar-para-disputar-la-supercopa","status":"publish","type":"post","link":"https:\/\/www.rincondelbulla.cl\/portal\/2016\/08\/30\/revancha-la-u-ya-tiene-fecha-y-lugar-para-disputar-la-supercopa\/","title":{"rendered":"\u00bfRevancha?, la U ya tiene fecha y lugar para disputar la Supercopa"},"content":{"rendered":"<p><img loading=\"lazy\" decoding=\"async\" class=\"aligncenter size-full wp-image-10330\" src=\"http:\/\/www.rincondelbulla.cl\/portal\/wp-content\/uploads\/2016\/08\/Supercopa.jpg\" alt=\"Supercopa\" width=\"940\" height=\"590\" srcset=\"https:\/\/www.rincondelbulla.cl\/portal\/wp-content\/uploads\/2016\/08\/Supercopa.jpg 940w, https:\/\/www.rincondelbulla.cl\/portal\/wp-content\/uploads\/2016\/08\/Supercopa-300x188.jpg 300w, https:\/\/www.rincondelbulla.cl\/portal\/wp-content\/uploads\/2016\/08\/Supercopa-768x482.jpg 768w, https:\/\/www.rincondelbulla.cl\/portal\/wp-content\/uploads\/2016\/08\/Supercopa-696x437.jpg 696w, https:\/\/www.rincondelbulla.cl\/portal\/wp-content\/uploads\/2016\/08\/Supercopa-669x420.jpg 669w\" sizes=\"auto, (max-width: 940px) 100vw, 940px\" \/><\/p>\n<p><strong>La U deber\u00e1 enfrentar a la UC en lo que ya muchos toman como \u00abrevancha\u00bb tras la aplastante derrota del fin de semana pasado.<\/strong><!--more--><\/p>\n<p>Este martes se dio a conocer la fecha y lugar donde azules y cruzados disputar\u00e1n la Supercopa del f\u00fatbol chileno.<\/p>\n<p>El pr\u00f3ximo 15 de septiembre a las 21:00 en Concepci\u00f3n, ambas escuadras se ver\u00e1n nuevamante las caras tras el cl\u00e1sico universitario disputado el pasado s\u00e1bado 27 de agosto.<\/p>\n<p>El Rom\u00e1ntico Viajero es el \u00faltimo campe\u00f3n de la Supercopa y tendr\u00e1 la oportunidad de convertirse el primer bicampe\u00f3n de este trofeo.<\/p>\n","protected":false},"excerpt":{"rendered":"<p>La U deber\u00e1 enfrentar a la UC en lo que ya muchos toman como \u00abrevancha\u00bb tras la aplastante derrota del fin de semana pasado.<\/p>\n","protected":false},"author":56,"featured_media":10330,"comment_status":"closed","ping_status":"open","sticky":false,"template":"","format":"standard","meta":{"footnotes":""},"categories":[18],"tags":[454,157,482,156],"class_list":{"0":"post-10329","1":"post","2":"type-post","3":"status-publish","4":"format-standard","5":"has-post-thumbnail","7":"category-actualidad","8":"tag-actualidad","9":"tag-portada","10":"tag-supercopa","11":"tag-universidad-de-chile"},"_links":{"self":[{"href":"https:\/\/www.rincondelbulla.cl\/portal\/wp-json\/wp\/v2\/posts\/10329","targetHints":{"allow":["GET"]}}],"collection":[{"href":"https:\/\/www.rincondelbulla.cl\/portal\/wp-json\/wp\/v2\/posts"}],"about":[{"href":"https:\/\/www.rincondelbulla.cl\/portal\/wp-json\/wp\/v2\/types\/post"}],"author":[{"embeddable":true,"href":"https:\/\/www.rincondelbulla.cl\/portal\/wp-json\/wp\/v2\/users\/56"}],"replies":[{"embeddable":true,"href":"https:\/\/www.rincondelbulla.cl\/portal\/wp-json\/wp\/v2\/comments?post=10329"}],"version-history":[{"count":1,"href":"https:\/\/www.rincondelbulla.cl\/portal\/wp-json\/wp\/v2\/posts\/10329\/revisions"}],"predecessor-version":[{"id":10331,"href":"https:\/\/www.rincondelbulla.cl\/portal\/wp-json\/wp\/v2\/posts\/10329\/revisions\/10331"}],"wp:featuredmedia":[{"embeddable":true,"href":"https:\/\/www.rincondelbulla.cl\/portal\/wp-json\/wp\/v2\/media\/10330"}],"wp:attachment":[{"href":"https:\/\/www.rincondelbulla.cl\/portal\/wp-json\/wp\/v2\/media?parent=10329"}],"wp:term":[{"taxonomy":"category","embeddable":true,"href":"https:\/\/www.rincondelbulla.cl\/portal\/wp-json\/wp\/v2\/categories?post=10329"},{"taxonomy":"post_tag","embeddable":true,"href":"https:\/\/www.rincondelbulla.cl\/portal\/wp-json\/wp\/v2\/tags?post=10329"}],"curies":[{"name":"wp","href":"https:\/\/api.w.org\/{rel}","templated":true}]}}