{"id":10332,"date":"2016-09-06T22:00:34","date_gmt":"2016-09-07T01:00:34","guid":{"rendered":"http:\/\/www.rincondelbulla.cl\/portal\/?p=10332"},"modified":"2016-09-06T22:00:34","modified_gmt":"2016-09-07T01:00:34","slug":"la-u-se-queda-sin-jara-ni-beccacece-por-seis-y-tres-fechas-respectivamente","status":"publish","type":"post","link":"https:\/\/www.rincondelbulla.cl\/portal\/2016\/09\/06\/la-u-se-queda-sin-jara-ni-beccacece-por-seis-y-tres-fechas-respectivamente\/","title":{"rendered":"La U se queda sin Jara ni Beccacece por seis y tres fechas respectivamente"},"content":{"rendered":"<figure id=\"attachment_10333\" aria-describedby=\"caption-attachment-10333\" style=\"width: 960px\" class=\"wp-caption aligncenter\"><img loading=\"lazy\" decoding=\"async\" class=\"size-full wp-image-10333\" src=\"http:\/\/www.rincondelbulla.cl\/portal\/wp-content\/uploads\/2016\/09\/13934724_10209022544534311_3638063850639743229_n.jpg\" alt=\"Foto: Patricio Gonz\u00e1lez\" width=\"960\" height=\"639\" srcset=\"https:\/\/www.rincondelbulla.cl\/portal\/wp-content\/uploads\/2016\/09\/13934724_10209022544534311_3638063850639743229_n.jpg 960w, https:\/\/www.rincondelbulla.cl\/portal\/wp-content\/uploads\/2016\/09\/13934724_10209022544534311_3638063850639743229_n-300x200.jpg 300w, https:\/\/www.rincondelbulla.cl\/portal\/wp-content\/uploads\/2016\/09\/13934724_10209022544534311_3638063850639743229_n-768x511.jpg 768w, https:\/\/www.rincondelbulla.cl\/portal\/wp-content\/uploads\/2016\/09\/13934724_10209022544534311_3638063850639743229_n-696x463.jpg 696w, https:\/\/www.rincondelbulla.cl\/portal\/wp-content\/uploads\/2016\/09\/13934724_10209022544534311_3638063850639743229_n-631x420.jpg 631w\" sizes=\"auto, (max-width: 960px) 100vw, 960px\" \/><figcaption id=\"caption-attachment-10333\" class=\"wp-caption-text\">Beccacece se lamenta. Foto: Patricio Gonz\u00e1lez<\/figcaption><\/figure>\n<p><strong>Luego de los incidentes durante el\u00a0cl\u00e1sico universitario que protagonizaron el defensa Gonzalo Jara, escupiendo y cacheteando a un rival, y el DT, Sebasti\u00e1n Beccacece, pateando un refrigerador; la ANFP dictamin\u00f3 los castigos para ambos.<\/strong><\/p>\n<p><!--more--><\/p>\n<p>En el caso del defensor nacional, este fue castigado con seis fechas, por lo que estar\u00eda ausente en los duelos frente a:<\/p>\n<ul>\n<li>Cobresal (11 de septiembre)<\/li>\n<li>Palestino\u00a0(24 de septiembre)<\/li>\n<li>Colo-Colo (2 de octubre)<\/li>\n<li>O&#8217;Higgins (16 de octubre)<\/li>\n<li>Everton (30 de octubre)<\/li>\n<li>Iquique (5 de noviembre)<\/li>\n<\/ul>\n<p>El tema de Jara es algo m\u00e1s complicado, ya que ser\u00edan casi 3 meses los que estar\u00eda fuera. Por esto, llegar\u00eda con muy poco f\u00fatbol a la siguiente convocatoria de la Selecci\u00f3n Nacional, raz\u00f3n por la que su llamado estar\u00eda en duda.<\/p>\n<blockquote class=\"twitter-tweet\">\n<p lang=\"es\" dir=\"ltr\">Una verg\u00fcenza que un jugador as\u00ed nos represente con la camiseta de Chile , Gonzalo Jara rasca y la Ctm! <a href=\"https:\/\/t.co\/x9iKia8W1Q\">pic.twitter.com\/x9iKia8W1Q<\/a><\/p>\n<p>&mdash; Vicente Gallardo (@VGALLARDO0697) <a href=\"https:\/\/twitter.com\/VGALLARDO0697\/status\/769568362053640192\">27 de agosto de 2016<\/a><\/p><\/blockquote>\n<p>En cuanto a Beccacece, el equipo deber\u00e1 enfrentar tres fechas sin su estratega, incluyendo el duelo clave contra Colo-Colo. En este sentido se espera que Luis Mar\u00eda Bonini y Nico Diez asuman el mando, al menos en cancha durante la ausencia del ex ayudante de Sampaoli.<\/p>\n<figure id=\"attachment_10322\" aria-describedby=\"caption-attachment-10322\" style=\"width: 899px\" class=\"wp-caption aligncenter\"><img loading=\"lazy\" decoding=\"async\" class=\"size-full wp-image-10322\" src=\"http:\/\/www.rincondelbulla.cl\/portal\/wp-content\/uploads\/2016\/08\/IMG_5874.jpg\" alt=\"Esta fue la patada de la discordia\" width=\"899\" height=\"600\" srcset=\"https:\/\/www.rincondelbulla.cl\/portal\/wp-content\/uploads\/2016\/08\/IMG_5874.jpg 899w, https:\/\/www.rincondelbulla.cl\/portal\/wp-content\/uploads\/2016\/08\/IMG_5874-300x200.jpg 300w, https:\/\/www.rincondelbulla.cl\/portal\/wp-content\/uploads\/2016\/08\/IMG_5874-768x513.jpg 768w, https:\/\/www.rincondelbulla.cl\/portal\/wp-content\/uploads\/2016\/08\/IMG_5874-696x465.jpg 696w, https:\/\/www.rincondelbulla.cl\/portal\/wp-content\/uploads\/2016\/08\/IMG_5874-629x420.jpg 629w\" sizes=\"auto, (max-width: 899px) 100vw, 899px\" \/><figcaption id=\"caption-attachment-10322\" class=\"wp-caption-text\">Esta fue la patada de la discordia<\/figcaption><\/figure>\n<p>Pese a las malas noticias no todo est\u00e1 dicho y la Universidad de Chile puede apelar a la sanci\u00f3n.<\/p>\n","protected":false},"excerpt":{"rendered":"<p>Luego de los incidentes durante el\u00a0cl\u00e1sico universitario que protagonizaron el defensa Gonzalo Jara, escupiendo y cacheteando a un rival, y el DT, Sebasti\u00e1n Beccacece, pateando un refrigerador; la ANFP dictamin\u00f3 los castigos para ambos.<\/p>\n","protected":false},"author":21383,"featured_media":10193,"comment_status":"closed","ping_status":"open","sticky":false,"template":"","format":"standard","meta":{"footnotes":""},"categories":[18],"tags":[454,547,574,157],"class_list":{"0":"post-10332","1":"post","2":"type-post","3":"status-publish","4":"format-standard","5":"has-post-thumbnail","7":"category-actualidad","8":"tag-actualidad","9":"tag-beccacece","10":"tag-jara","11":"tag-portada"},"_links":{"self":[{"href":"https:\/\/www.rincondelbulla.cl\/portal\/wp-json\/wp\/v2\/posts\/10332","targetHints":{"allow":["GET"]}}],"collection":[{"href":"https:\/\/www.rincondelbulla.cl\/portal\/wp-json\/wp\/v2\/posts"}],"about":[{"href":"https:\/\/www.rincondelbulla.cl\/portal\/wp-json\/wp\/v2\/types\/post"}],"author":[{"embeddable":true,"href":"https:\/\/www.rincondelbulla.cl\/portal\/wp-json\/wp\/v2\/users\/21383"}],"replies":[{"embeddable":true,"href":"https:\/\/www.rincondelbulla.cl\/portal\/wp-json\/wp\/v2\/comments?post=10332"}],"version-history":[{"count":2,"href":"https:\/\/www.rincondelbulla.cl\/portal\/wp-json\/wp\/v2\/posts\/10332\/revisions"}],"predecessor-version":[{"id":10335,"href":"https:\/\/www.rincondelbulla.cl\/portal\/wp-json\/wp\/v2\/posts\/10332\/revisions\/10335"}],"wp:featuredmedia":[{"embeddable":true,"href":"https:\/\/www.rincondelbulla.cl\/portal\/wp-json\/wp\/v2\/media\/10193"}],"wp:attachment":[{"href":"https:\/\/www.rincondelbulla.cl\/portal\/wp-json\/wp\/v2\/media?parent=10332"}],"wp:term":[{"taxonomy":"category","embeddable":true,"href":"https:\/\/www.rincondelbulla.cl\/portal\/wp-json\/wp\/v2\/categories?post=10332"},{"taxonomy":"post_tag","embeddable":true,"href":"https:\/\/www.rincondelbulla.cl\/portal\/wp-json\/wp\/v2\/tags?post=10332"}],"curies":[{"name":"wp","href":"https:\/\/api.w.org\/{rel}","templated":true}]}}