{"id":10382,"date":"2016-09-16T02:58:44","date_gmt":"2016-09-16T05:58:44","guid":{"rendered":"http:\/\/www.rincondelbulla.cl\/portal\/?p=10382"},"modified":"2016-09-16T03:02:10","modified_gmt":"2016-09-16T06:02:10","slug":"beccacece-y-una-posible-renuncia-me-voy-pero-cobraria-hasta-diciembre","status":"publish","type":"post","link":"https:\/\/www.rincondelbulla.cl\/portal\/2016\/09\/16\/beccacece-y-una-posible-renuncia-me-voy-pero-cobraria-hasta-diciembre\/","title":{"rendered":"Beccacece y una posible renuncia: \u201cMe voy, pero cobrar\u00eda hasta diciembre\u201d"},"content":{"rendered":"<p><img loading=\"lazy\" decoding=\"async\" class=\" wp-image-10383 aligncenter\" src=\"http:\/\/www.rincondelbulla.cl\/portal\/wp-content\/uploads\/2016\/09\/Sebasti\u00e1n-Beccacece.jpg\" alt=\"Sebasti\u00e1n Beccacece\" width=\"391\" height=\"505\" srcset=\"https:\/\/www.rincondelbulla.cl\/portal\/wp-content\/uploads\/2016\/09\/Sebasti\u00e1n-Beccacece.jpg 306w, https:\/\/www.rincondelbulla.cl\/portal\/wp-content\/uploads\/2016\/09\/Sebasti\u00e1n-Beccacece-232x300.jpg 232w\" sizes=\"auto, (max-width: 391px) 100vw, 391px\" \/><\/p>\n<p><strong>Tras la ca\u00edda en la final de la Supercopa del F\u00fatbol Chileno, el t\u00e9cnico azul analiz\u00f3 el nuevo tropiezo y asegur\u00f3 que solo piensan en seguir trabajando desde este viernes en el pr\u00f3ximo desaf\u00edo.<\/strong><!--more--><\/p>\n<p>Tras el pitazo final de Jorge Osorio y el comienzo de la celebraci\u00f3n cruzada en el campo de juego, las posibilidades que Sebasti\u00e1n Beccacece dejara la banca azul comenzaron a rondar. Sin embargo fue el propio t\u00e9cnico quien sali\u00f3 a aclarar dudas.<\/p>\n<p><strong>\u201cYo de ninguna manera\u201d,<\/strong> dijo el DT, agregando que <strong>\u201cnosotros estamos abocados en trabajar ma\u00f1ana, s\u00e1bado y lunes para afrontar la Copa Chile\u201d<\/strong>. Sin embargo, al ser consultado directamente de la posibilidad que la dirigencia\u00a0 de Azul Azul le pidiese poner a disposici\u00f3n su cargo, Beccacece se remiti\u00f3 a declarar que <strong>\u201cme voy, pero cobrar\u00eda hasta diciembre\u201d<\/strong>.<\/p>\n<p>En lo netamente futbol\u00edstico. El director t\u00e9cnico asegur\u00f3 que como plantel <strong>\u201cestamos dolidos, son momentos dif\u00edciles, duros. Yo lo siento en el alma por la gente. Ellos hacen lo suyo y nosotros no podemos responderles\u201d<\/strong>.<\/p>\n<p>En su an\u00e1lisis, Beccacece dijo que como equipo <strong>\u201cno conseguimos lo que vinimos a buscar y eso provoca mucho dolor (\u2026) Hoy el tr\u00e1mite fue un primer tiempo neutro donde ellos aprovecharon los errores que nosotros cometimos. Lo pudimos revertir, luego tuvimos una desatenci\u00f3n que lo pagamos caro. En el segundo tiempo tuvimos un control m\u00e1s definido en campo adversario\u201d. <\/strong><\/p>\n<p>Sobre la falta de concreci\u00f3n en arco rival, el DT argument\u00f3 que<strong> \u201cel equipo genera, pero los resultados no son \u00f3ptimos y tenemos la posibilidad de revertir esto y de parte nuestra vamos a seguir insistiendo, pero hay que ver que piensa la dirigencia\u201d<\/strong>.<\/p>\n","protected":false},"excerpt":{"rendered":"<p>Tras la ca\u00edda en la final de la Supercopa del F\u00fatbol Chileno, el t\u00e9cnico azul analiz\u00f3 el nuevo tropiezo y asegur\u00f3 que solo piensan en seguir trabajando desde este viernes en el pr\u00f3ximo desaf\u00edo.<\/p>\n","protected":false},"author":21382,"featured_media":10190,"comment_status":"closed","ping_status":"open","sticky":false,"template":"","format":"standard","meta":{"footnotes":""},"categories":[18],"tags":[454,174,888,889,157,474,537,463,294,156],"class_list":{"0":"post-10382","1":"post","2":"type-post","3":"status-publish","4":"format-standard","5":"has-post-thumbnail","7":"category-actualidad","8":"tag-actualidad","9":"tag-azul-azul","10":"tag-derrota","11":"tag-jorge-osorio","12":"tag-portada","13":"tag-renuncia","14":"tag-sebastian-beccacece","15":"tag-supercopa-futbol-chileno","16":"tag-u-de-chile","17":"tag-universidad-de-chile"},"_links":{"self":[{"href":"https:\/\/www.rincondelbulla.cl\/portal\/wp-json\/wp\/v2\/posts\/10382","targetHints":{"allow":["GET"]}}],"collection":[{"href":"https:\/\/www.rincondelbulla.cl\/portal\/wp-json\/wp\/v2\/posts"}],"about":[{"href":"https:\/\/www.rincondelbulla.cl\/portal\/wp-json\/wp\/v2\/types\/post"}],"author":[{"embeddable":true,"href":"https:\/\/www.rincondelbulla.cl\/portal\/wp-json\/wp\/v2\/users\/21382"}],"replies":[{"embeddable":true,"href":"https:\/\/www.rincondelbulla.cl\/portal\/wp-json\/wp\/v2\/comments?post=10382"}],"version-history":[{"count":1,"href":"https:\/\/www.rincondelbulla.cl\/portal\/wp-json\/wp\/v2\/posts\/10382\/revisions"}],"predecessor-version":[{"id":10384,"href":"https:\/\/www.rincondelbulla.cl\/portal\/wp-json\/wp\/v2\/posts\/10382\/revisions\/10384"}],"wp:featuredmedia":[{"embeddable":true,"href":"https:\/\/www.rincondelbulla.cl\/portal\/wp-json\/wp\/v2\/media\/10190"}],"wp:attachment":[{"href":"https:\/\/www.rincondelbulla.cl\/portal\/wp-json\/wp\/v2\/media?parent=10382"}],"wp:term":[{"taxonomy":"category","embeddable":true,"href":"https:\/\/www.rincondelbulla.cl\/portal\/wp-json\/wp\/v2\/categories?post=10382"},{"taxonomy":"post_tag","embeddable":true,"href":"https:\/\/www.rincondelbulla.cl\/portal\/wp-json\/wp\/v2\/tags?post=10382"}],"curies":[{"name":"wp","href":"https:\/\/api.w.org\/{rel}","templated":true}]}}