{"id":10391,"date":"2016-09-20T20:04:05","date_gmt":"2016-09-20T23:04:05","guid":{"rendered":"http:\/\/www.rincondelbulla.cl\/portal\/?p=10391"},"modified":"2016-09-20T20:50:31","modified_gmt":"2016-09-20T23:50:31","slug":"la-previa-beccacece-se-despide-ante-iquique-esperando-ganar","status":"publish","type":"post","link":"https:\/\/www.rincondelbulla.cl\/portal\/2016\/09\/20\/la-previa-beccacece-se-despide-ante-iquique-esperando-ganar\/","title":{"rendered":"La Previa: Beccacece se despide ante Iquique esperando ganar"},"content":{"rendered":"<figure id=\"attachment_10333\" aria-describedby=\"caption-attachment-10333\" style=\"width: 960px\" class=\"wp-caption aligncenter\"><img loading=\"lazy\" decoding=\"async\" class=\"wp-image-10333 size-full\" src=\"http:\/\/www.rincondelbulla.cl\/portal\/wp-content\/uploads\/2016\/09\/13934724_10209022544534311_3638063850639743229_n.jpg\" alt=\"Beccacece camina por una l\u00ednea sin retorno. Foto: Patricio Gonz\u00e1lez\" width=\"960\" height=\"639\" srcset=\"https:\/\/www.rincondelbulla.cl\/portal\/wp-content\/uploads\/2016\/09\/13934724_10209022544534311_3638063850639743229_n.jpg 960w, https:\/\/www.rincondelbulla.cl\/portal\/wp-content\/uploads\/2016\/09\/13934724_10209022544534311_3638063850639743229_n-300x200.jpg 300w, https:\/\/www.rincondelbulla.cl\/portal\/wp-content\/uploads\/2016\/09\/13934724_10209022544534311_3638063850639743229_n-768x511.jpg 768w, https:\/\/www.rincondelbulla.cl\/portal\/wp-content\/uploads\/2016\/09\/13934724_10209022544534311_3638063850639743229_n-696x463.jpg 696w, https:\/\/www.rincondelbulla.cl\/portal\/wp-content\/uploads\/2016\/09\/13934724_10209022544534311_3638063850639743229_n-631x420.jpg 631w\" sizes=\"auto, (max-width: 960px) 100vw, 960px\" \/><figcaption id=\"caption-attachment-10333\" class=\"wp-caption-text\">Beccacece camina por una l\u00ednea sin retorno. Foto: Patricio Gonz\u00e1lez<\/figcaption><\/figure>\n<p><strong>En su \u00faltimo partido bajo el mando azul, Sebasti\u00e1n Beccacece buscar\u00e1 dejar al menos a la U con un pie m\u00e1s adentro de la Copa Chile, venciendo a Iquique. A eso de las 16:00 horas Universidad de Chile saldr\u00e1 a la cancha del Cavancha.<\/strong><\/p>\n<p><!--more--><\/p>\n<p>Un rival que le trae \u00abbuenos recuerdos\u00bb, ya que en su \u00faltimo enfrentamiento el equipo azul logr\u00f3 vencer por 2-1, tras una semana complicada por el asado y posterior marginaci\u00f3n de cinco jugadores.<\/p>\n<p>La celebraci\u00f3n tras la victoria en abril de este a\u00f1o, fue uno de los momentos m\u00e1s emotivos para el DT azul en toda su carrera, ya que parte del grupo de jugadores tras la victoria se acercaron a abrazarlo, brind\u00e1ndole el apoyo. \u00ab<strong>La reacci\u00f3n de los futbolistas fue muy emotiva en lo personal, refleja el respeto mutuo. Me considero muy cercano y muy humano. Estoy muy agradecido del grupo\u00bb,<\/strong> declar\u00f3 entonces el argentino.<\/p>\n<p>Hoy la historia es diferente, el equipo es pr\u00e1cticamente otro, que sin embargo, de igual manera ha demostrado el respeto y apoyo al DT. Pero los resultados no se dieron y sin eso las\u00a0palabras se las lleva el viento.<\/p>\n<p>La \u00faltima formaci\u00f3n de Beccacece ser\u00eda la siguiente:<\/p>\n<p><strong>Nelson Espinoza; Rodr\u00edguez, Vilches, Contreras, Monz\u00f3n; Yerko Leiva, Reyes, Lorenzetti; Zacar\u00eda, Fern\u00e1ndez y Leiva.<\/strong><\/p>\n<p>Un triunfo no borrar\u00eda la mala campa\u00f1a que deja atr\u00e1s el ex ayudante de Sampaoli, pero sin duda\u00a0despedir\u00eda con cierto honor al trasandino. Recordemos que <strong>el partido ser\u00e1 el mi\u00e9rcoles 21 de septiembre a las 16 horas en el Estadio Cavancha.<\/strong><\/p>\n","protected":false},"excerpt":{"rendered":"<p>En su \u00faltimo partido bajo el mando azul, Sebasti\u00e1n Beccacece buscar\u00e1 dejar al menos a la U con un pie m\u00e1s adentro de la Copa Chile, venciendo a Iquique. A eso de las 16:00 horas Universidad de Chile saldr\u00e1 a la cancha del Cavancha.<\/p>\n","protected":false},"author":21383,"featured_media":10396,"comment_status":"closed","ping_status":"open","sticky":false,"template":"","format":"standard","meta":{"footnotes":""},"categories":[18],"tags":[547,154,366,157],"class_list":{"0":"post-10391","1":"post","2":"type-post","3":"status-publish","4":"format-standard","5":"has-post-thumbnail","7":"category-actualidad","8":"tag-beccacece","9":"tag-copa-chile","10":"tag-iquique","11":"tag-portada"},"_links":{"self":[{"href":"https:\/\/www.rincondelbulla.cl\/portal\/wp-json\/wp\/v2\/posts\/10391","targetHints":{"allow":["GET"]}}],"collection":[{"href":"https:\/\/www.rincondelbulla.cl\/portal\/wp-json\/wp\/v2\/posts"}],"about":[{"href":"https:\/\/www.rincondelbulla.cl\/portal\/wp-json\/wp\/v2\/types\/post"}],"author":[{"embeddable":true,"href":"https:\/\/www.rincondelbulla.cl\/portal\/wp-json\/wp\/v2\/users\/21383"}],"replies":[{"embeddable":true,"href":"https:\/\/www.rincondelbulla.cl\/portal\/wp-json\/wp\/v2\/comments?post=10391"}],"version-history":[{"count":3,"href":"https:\/\/www.rincondelbulla.cl\/portal\/wp-json\/wp\/v2\/posts\/10391\/revisions"}],"predecessor-version":[{"id":10404,"href":"https:\/\/www.rincondelbulla.cl\/portal\/wp-json\/wp\/v2\/posts\/10391\/revisions\/10404"}],"wp:featuredmedia":[{"embeddable":true,"href":"https:\/\/www.rincondelbulla.cl\/portal\/wp-json\/wp\/v2\/media\/10396"}],"wp:attachment":[{"href":"https:\/\/www.rincondelbulla.cl\/portal\/wp-json\/wp\/v2\/media?parent=10391"}],"wp:term":[{"taxonomy":"category","embeddable":true,"href":"https:\/\/www.rincondelbulla.cl\/portal\/wp-json\/wp\/v2\/categories?post=10391"},{"taxonomy":"post_tag","embeddable":true,"href":"https:\/\/www.rincondelbulla.cl\/portal\/wp-json\/wp\/v2\/tags?post=10391"}],"curies":[{"name":"wp","href":"https:\/\/api.w.org\/{rel}","templated":true}]}}