{"id":10393,"date":"2016-09-20T19:11:58","date_gmt":"2016-09-20T22:11:58","guid":{"rendered":"http:\/\/www.rincondelbulla.cl\/portal\/?p=10393"},"modified":"2016-09-20T20:14:36","modified_gmt":"2016-09-20T23:14:36","slug":"rodriguez-se-cuadra-con-beccacece-y-asume-responsabilidad-por-el-mal-momento-de-la-u","status":"publish","type":"post","link":"https:\/\/www.rincondelbulla.cl\/portal\/2016\/09\/20\/rodriguez-se-cuadra-con-beccacece-y-asume-responsabilidad-por-el-mal-momento-de-la-u\/","title":{"rendered":"Rodr\u00edguez se cuadra con Beccacece y asume responsabilidad por el mal momento de la U"},"content":{"rendered":"<figure id=\"attachment_10394\" aria-describedby=\"caption-attachment-10394\" style=\"width: 1000px\" class=\"wp-caption aligncenter\"><img loading=\"lazy\" decoding=\"async\" class=\"size-full wp-image-10394\" src=\"http:\/\/www.rincondelbulla.cl\/portal\/wp-content\/uploads\/2016\/09\/Mati\u0301as-rodri\u0301guez.jpeg\" alt=\"Foto: Claudio C\u00e1ceres\" width=\"1000\" height=\"667\" srcset=\"https:\/\/www.rincondelbulla.cl\/portal\/wp-content\/uploads\/2016\/09\/Mati\u0301as-rodri\u0301guez.jpeg 1000w, https:\/\/www.rincondelbulla.cl\/portal\/wp-content\/uploads\/2016\/09\/Mati\u0301as-rodri\u0301guez-300x200.jpeg 300w, https:\/\/www.rincondelbulla.cl\/portal\/wp-content\/uploads\/2016\/09\/Mati\u0301as-rodri\u0301guez-768x512.jpeg 768w, https:\/\/www.rincondelbulla.cl\/portal\/wp-content\/uploads\/2016\/09\/Mati\u0301as-rodri\u0301guez-696x464.jpeg 696w, https:\/\/www.rincondelbulla.cl\/portal\/wp-content\/uploads\/2016\/09\/Mati\u0301as-rodri\u0301guez-630x420.jpeg 630w\" sizes=\"auto, (max-width: 1000px) 100vw, 1000px\" \/><figcaption id=\"caption-attachment-10394\" class=\"wp-caption-text\">Foto: Claudio C\u00e1ceres<\/figcaption><\/figure>\n<p><strong>El volante azul defendi\u00f3 el met\u00f3do de trabajo del ahora ex entrenador de la U y asegur\u00f3 que los responsable de los malos resultados son los jugadores por no plasmar en la cancha lo que les planteaba el DT.<\/strong><br \/>\n<!--more--><\/p>\n<p>Universidad de Chile tiene la obligaci\u00f3n de dar vuelta la p\u00e1gina tras la traum\u00e1tica era Beccacece en la banca azul, el Rom\u00e1ntico Viajero ya prepara el duelo que marcar\u00e1 el debut en Copa Chile y la despedida del ex ayudante de Jorge Sampaoli.<\/p>\n<p>En conferencia de prensa en el Centro Deportivo Azul, el volante analiz\u00f3 la partida de Sebasti\u00e1n Beccacece, \u00ab<strong>No s\u00e9 si sea la soluci\u00f3n la correcta,<\/strong> <strong>pero ellos (los dirigentes) tienen que tomar una decisi\u00f3n, y hay que respetarla (&#8230;) Siempre pienso que los responsables somos los jugadores, no pudimos lograr los puntos que necesitamos y eso a uno lo deja mal. Si analizas los partidos dejas cosas positivas, los resultados mandan y en cierta parte sentimos culpa de no poder rendir y sacar la cantidad de puntos que quer\u00edamos\u00bb, <\/strong>se\u00f1al\u00f3.<\/p>\n<p><strong>El trabajo del ahora ex cuerpo t\u00e9cnico de la U<\/strong>: Obviamente como trabaja este cuerpo t\u00e9cnico ser\u00e1 dif\u00edcil encontrar a otra persona, pero uno tiene que estar tranquilo que se entreg\u00f3 todo, tanto de nuestra parte como la de ellos y los responsables somos nosotros por no haber rendido.<\/p>\n<p><strong>Las cr\u00edticas a la idea de juego en la U<\/strong>: Nosotros tenemos una idea clara, si bien he escuchado a mucha gente que dice que la U no juega a nada, nosotros s\u00ed sab\u00edamos a qu\u00e9 jug\u00e1bamos. Lamentablemente las cosas no se dieron, punto ya est\u00e1, termin\u00f3, ahora tenemos que ser lo suficientemente capaces de revertir esta situaci\u00f3n y sacar todo nuestro potencial, dejar de romper las bolas y empezar a ganar<\/p>\n<p><strong>A pensar en el futuro y esperar al nuevo cuerpo t\u00e9cnico (Valencia y Jara)<\/strong>: No soy qui\u00e9n para decir qui\u00e9n debe hacerse cargo de nosotros. Al que venga, hay que respetarlo.\u00a0Obviamente sabemos que alguien se har\u00e1 cargo del plantel y nosotros tenemos que estar a disposici\u00f3n y entregarnos el 100%. No sabemos cu\u00e1nto tiempo vamos a estar con ellos (Valencia y Jara), pero intentaremos ayudarles para poder dar lo mejor.<\/p>\n<p><strong>El \u00faltimo partido de Sebasti\u00e1n<\/strong>: Ma\u00f1ana trataremos de ganar. Haremos lo posible, as\u00ed que obviamente ser\u00e1 una situaci\u00f3n rara, pero ojal\u00e1 podamos darle una alegr\u00eda antes que se vaya<\/p>\n<p><iframe loading=\"lazy\" style=\"border: none; overflow: hidden;\" src=\"https:\/\/www.facebook.com\/plugins\/video.php?href=https%3A%2F%2Fwww.facebook.com%2Fclubuniversidaddechileoficial%2Fvideos%2F1459969250684810%2F&amp;show_text=0&amp;width=400\" width=\"400\" height=\"400\" frameborder=\"0\" scrolling=\"no\" allowfullscreen=\"allowfullscreen\"><\/iframe><\/p>\n","protected":false},"excerpt":{"rendered":"<p>El volante azul defendi\u00f3 el met\u00f3do de trabajo del ahora ex entrenador de la U y asegur\u00f3 que los responsable de los malos resultados son los jugadores por no plasmar en la cancha lo que les planteaba el DT.<\/p>\n","protected":false},"author":56,"featured_media":10394,"comment_status":"closed","ping_status":"open","sticky":false,"template":"","format":"standard","meta":{"footnotes":""},"categories":[18],"tags":[454,547,154,156],"class_list":{"0":"post-10393","1":"post","2":"type-post","3":"status-publish","4":"format-standard","5":"has-post-thumbnail","7":"category-actualidad","8":"tag-actualidad","9":"tag-beccacece","10":"tag-copa-chile","11":"tag-universidad-de-chile"},"_links":{"self":[{"href":"https:\/\/www.rincondelbulla.cl\/portal\/wp-json\/wp\/v2\/posts\/10393","targetHints":{"allow":["GET"]}}],"collection":[{"href":"https:\/\/www.rincondelbulla.cl\/portal\/wp-json\/wp\/v2\/posts"}],"about":[{"href":"https:\/\/www.rincondelbulla.cl\/portal\/wp-json\/wp\/v2\/types\/post"}],"author":[{"embeddable":true,"href":"https:\/\/www.rincondelbulla.cl\/portal\/wp-json\/wp\/v2\/users\/56"}],"replies":[{"embeddable":true,"href":"https:\/\/www.rincondelbulla.cl\/portal\/wp-json\/wp\/v2\/comments?post=10393"}],"version-history":[{"count":2,"href":"https:\/\/www.rincondelbulla.cl\/portal\/wp-json\/wp\/v2\/posts\/10393\/revisions"}],"predecessor-version":[{"id":10399,"href":"https:\/\/www.rincondelbulla.cl\/portal\/wp-json\/wp\/v2\/posts\/10393\/revisions\/10399"}],"wp:featuredmedia":[{"embeddable":true,"href":"https:\/\/www.rincondelbulla.cl\/portal\/wp-json\/wp\/v2\/media\/10394"}],"wp:attachment":[{"href":"https:\/\/www.rincondelbulla.cl\/portal\/wp-json\/wp\/v2\/media?parent=10393"}],"wp:term":[{"taxonomy":"category","embeddable":true,"href":"https:\/\/www.rincondelbulla.cl\/portal\/wp-json\/wp\/v2\/categories?post=10393"},{"taxonomy":"post_tag","embeddable":true,"href":"https:\/\/www.rincondelbulla.cl\/portal\/wp-json\/wp\/v2\/tags?post=10393"}],"curies":[{"name":"wp","href":"https:\/\/api.w.org\/{rel}","templated":true}]}}