{"id":10471,"date":"2016-09-29T11:30:01","date_gmt":"2016-09-29T14:30:01","guid":{"rendered":"http:\/\/www.rincondelbulla.cl\/portal\/?p=10471"},"modified":"2016-09-29T11:30:01","modified_gmt":"2016-09-29T14:30:01","slug":"castaneda-y-la-clasificacion-en-copa-chile-nos-costo-y-sufrimos-pero-pasamos","status":"publish","type":"post","link":"https:\/\/www.rincondelbulla.cl\/portal\/2016\/09\/29\/castaneda-y-la-clasificacion-en-copa-chile-nos-costo-y-sufrimos-pero-pasamos\/","title":{"rendered":"Casta\u00f1eda y la clasificaci\u00f3n en Copa Chile: \u201cNos cost\u00f3 y sufrimos, pero pasamos\u201d"},"content":{"rendered":"<p><img loading=\"lazy\" decoding=\"async\" class=\"alignnone size-full wp-image-10473\" src=\"http:\/\/www.rincondelbulla.cl\/portal\/wp-content\/uploads\/2016\/09\/Victor-Hugo-Casta\u00f1eda.jpg\" alt=\"victor-hugo-castaneda\" width=\"2048\" height=\"1365\" srcset=\"https:\/\/www.rincondelbulla.cl\/portal\/wp-content\/uploads\/2016\/09\/Victor-Hugo-Casta\u00f1eda.jpg 2048w, https:\/\/www.rincondelbulla.cl\/portal\/wp-content\/uploads\/2016\/09\/Victor-Hugo-Casta\u00f1eda-300x200.jpg 300w, https:\/\/www.rincondelbulla.cl\/portal\/wp-content\/uploads\/2016\/09\/Victor-Hugo-Casta\u00f1eda-768x512.jpg 768w, https:\/\/www.rincondelbulla.cl\/portal\/wp-content\/uploads\/2016\/09\/Victor-Hugo-Casta\u00f1eda-1200x800.jpg 1200w, https:\/\/www.rincondelbulla.cl\/portal\/wp-content\/uploads\/2016\/09\/Victor-Hugo-Casta\u00f1eda-696x464.jpg 696w, https:\/\/www.rincondelbulla.cl\/portal\/wp-content\/uploads\/2016\/09\/Victor-Hugo-Casta\u00f1eda-1068x712.jpg 1068w, https:\/\/www.rincondelbulla.cl\/portal\/wp-content\/uploads\/2016\/09\/Victor-Hugo-Casta\u00f1eda-630x420.jpg 630w\" sizes=\"auto, (max-width: 2048px) 100vw, 2048px\" \/><\/p>\n<p><strong>El estratega azul confes\u00f3 que no tuvo muchas ganas de celebrar, por c\u00f3mo se dio el partido. Ahora la mente est\u00e1 puesta en el Supercl\u00e1sico de este domingo.<\/strong><!--more--><\/p>\n<p>Fiel a su estilo desde que volvi\u00f3 a dirigir\u00a0 a la \u201cU\u201d, V\u00edctor Hugo Casta\u00f1eda no se guard\u00f3 nada en la conferencia de prensa. Valor\u00f3 el paso a\u00a0 cuartos de final de Copa Chile MTS 2016, pero reconoci\u00f3 que la forma no fue de su gusto.<\/p>\n<p><strong>\u201cNos cost\u00f3, sufrimos, pero al final pasamos. No me gust\u00f3 la forma en que pasamos, el partido era para estar m\u00e1s tranquilo. Pero pasamos\u201d<\/strong>, asegur\u00f3 el DT azul, quien reconoci\u00f3 que <strong>\u201cno ten\u00eda ganas de celebrar porque el 2-0 era tranquilo, quiz\u00e1s haber hecho un gol m\u00e1s. Los \u00faltimos minutos de sufrimiento me complican\u201d.<\/strong><\/p>\n<p>Sobre el estado f\u00edsico y an\u00edmico en que quedaron sus dirigidos, tomando en consideraci\u00f3n las salidas de Jonathan Zacar\u00edas y Gonzalo Jara por complicaciones f\u00edsicas,\u00a0 Casta\u00f1eda dijo que <strong>\u201clos vi celebrar cada vez que met\u00edan un penal. Cuando termin\u00f3 los vi celebrar. An\u00edmicamente para el Supercl\u00e1sico no hay cansancio, fatiga. Es un partido que escapa a cualquier contexto y los partidos no se juegan, se ganan\u201d.<\/strong><\/p>\n<p>Con respecto a la publicaci\u00f3n que hablaba sobre las supuestas cr\u00edticas de su cuerpo t\u00e9cnico a las condiciones f\u00edsicas que el anterior proceso habr\u00eda entregado en los jugadores, V\u00edctor Hugo Casta\u00f1eda no escondi\u00f3 su malestar con la prensa, indicando que <strong>\u201choy sali\u00f3 publicado que el equipo estaba fundido. Nadie del cuerpo t\u00e9cnico ha hablado de ese tema. Me parece de muy mal gusto, que se ponga frases que nosotros no hemos hecho\u201d.<\/strong> Agreg\u00f3 \u00a0que <strong>\u201cse cuestionan y se ponen palabras en la boca que no hemos dicho. En la \u201cU\u201d no voy a criticar como hemos encontrado al equipo. A nadie le va a interesar si el equipo est\u00e1 corriendo o no, son 11 contra 11. Hay que jugar y hay que ganar\u201d.<\/strong><\/p>\n<p>Entre los jugadores se demostr\u00f3 la felicidad por la clasificaci\u00f3n. Gast\u00f3n Fern\u00e1ndez indic\u00f3 que <strong>\u00ablos penales muchas veces son suerte, pero tener un portero como Johnny que se agiganta en estos momentos, es clave. Tenemos muchas ganas de ir y ganar en el Monumental\u00bb.<\/strong><\/p>\n<p>Por su parte, Gonzalo Jara \u2013que sali\u00f3 lesionado y no jugar\u00e1 el Supercl\u00e1sico por suspensi\u00f3n- asever\u00f3 que <strong>\u00abeste triunfo nos sirve para llegar mejor an\u00edmicamente al cl\u00e1sico. Quer\u00eda jugar para llegar con rodaje a la selecci\u00f3n\u00bb.<\/strong><\/p>\n<p>El pr\u00f3ximo desaf\u00edo de la \u201cU\u201d en Copa Chile MTS 2016 ser\u00e1 contra Universidad Cat\u00f3lica en cuartos de final. Inicialmente estas nuevas versiones del Cl\u00e1sico Universitario se disputar\u00edan el 19 de octubre en San Carlos de Apoquindo y el 26 de octubre en el Estadio Nacional.<\/p>\n","protected":false},"excerpt":{"rendered":"<p>El estratega azul confes\u00f3 que no tuvo muchas ganas de celebrar, por c\u00f3mo se dio el partido. Ahora la mente est\u00e1 puesta en el Supercl\u00e1sico de este domingo.<\/p>\n","protected":false},"author":21382,"featured_media":10472,"comment_status":"closed","ping_status":"open","sticky":false,"template":"","format":"standard","meta":{"footnotes":""},"categories":[18],"tags":[454,864,711,424,782,531,41,842,157,907,44,294,603,156,902],"class_list":{"0":"post-10471","1":"post","2":"type-post","3":"status-publish","4":"format-standard","5":"has-post-thumbnail","7":"category-actualidad","8":"tag-actualidad","9":"tag-copa-chile-mts-2016","10":"tag-deportes-iquique","11":"tag-estadio-nacional","12":"tag-gaston-fernandez","13":"tag-gonzalo-jara","14":"tag-johnny-herrera","15":"tag-jonathan-zacarias","16":"tag-portada","17":"tag-san-carlos-de-apoquindo","18":"tag-superclasico","19":"tag-u-de-chile","20":"tag-universidad-catolica","21":"tag-universidad-de-chile","22":"tag-victor-hugo-castaneda"},"_links":{"self":[{"href":"https:\/\/www.rincondelbulla.cl\/portal\/wp-json\/wp\/v2\/posts\/10471","targetHints":{"allow":["GET"]}}],"collection":[{"href":"https:\/\/www.rincondelbulla.cl\/portal\/wp-json\/wp\/v2\/posts"}],"about":[{"href":"https:\/\/www.rincondelbulla.cl\/portal\/wp-json\/wp\/v2\/types\/post"}],"author":[{"embeddable":true,"href":"https:\/\/www.rincondelbulla.cl\/portal\/wp-json\/wp\/v2\/users\/21382"}],"replies":[{"embeddable":true,"href":"https:\/\/www.rincondelbulla.cl\/portal\/wp-json\/wp\/v2\/comments?post=10471"}],"version-history":[{"count":1,"href":"https:\/\/www.rincondelbulla.cl\/portal\/wp-json\/wp\/v2\/posts\/10471\/revisions"}],"predecessor-version":[{"id":10474,"href":"https:\/\/www.rincondelbulla.cl\/portal\/wp-json\/wp\/v2\/posts\/10471\/revisions\/10474"}],"wp:featuredmedia":[{"embeddable":true,"href":"https:\/\/www.rincondelbulla.cl\/portal\/wp-json\/wp\/v2\/media\/10472"}],"wp:attachment":[{"href":"https:\/\/www.rincondelbulla.cl\/portal\/wp-json\/wp\/v2\/media?parent=10471"}],"wp:term":[{"taxonomy":"category","embeddable":true,"href":"https:\/\/www.rincondelbulla.cl\/portal\/wp-json\/wp\/v2\/categories?post=10471"},{"taxonomy":"post_tag","embeddable":true,"href":"https:\/\/www.rincondelbulla.cl\/portal\/wp-json\/wp\/v2\/tags?post=10471"}],"curies":[{"name":"wp","href":"https:\/\/api.w.org\/{rel}","templated":true}]}}