{"id":10510,"date":"2016-10-11T07:31:39","date_gmt":"2016-10-11T10:31:39","guid":{"rendered":"http:\/\/www.rincondelbulla.cl\/portal\/?p=10510"},"modified":"2016-10-11T08:21:35","modified_gmt":"2016-10-11T11:21:35","slug":"ariel-beltramo-ojala-los-jugadores-recuperen-el-corazon-que-teniamos-cuando-jugabamos","status":"publish","type":"post","link":"https:\/\/www.rincondelbulla.cl\/portal\/2016\/10\/11\/ariel-beltramo-ojala-los-jugadores-recuperen-el-corazon-que-teniamos-cuando-jugabamos\/","title":{"rendered":"Ariel Beltramo: \u201cOjal\u00e1 los jugadores recuperen el coraz\u00f3n que ten\u00edamos cuando jug\u00e1bamos\u201d"},"content":{"rendered":"<figure id=\"attachment_10511\" aria-describedby=\"caption-attachment-10511\" style=\"width: 4208px\" class=\"wp-caption alignnone\"><img loading=\"lazy\" decoding=\"async\" class=\"size-full wp-image-10511\" src=\"http:\/\/www.rincondelbulla.cl\/portal\/wp-content\/uploads\/2016\/10\/Ariel-Beltramo.jpg\" alt=\"El ex goleador azul actualmente es formador de peque\u00f1os talentos y est\u00e1 a cargo de una escuela de f\u00fatbol en C\u00f3rdoba , Argentina. Foto: Marco Valdovinos\" width=\"4208\" height=\"2368\" srcset=\"https:\/\/www.rincondelbulla.cl\/portal\/wp-content\/uploads\/2016\/10\/Ariel-Beltramo.jpg 4208w, https:\/\/www.rincondelbulla.cl\/portal\/wp-content\/uploads\/2016\/10\/Ariel-Beltramo-300x169.jpg 300w, https:\/\/www.rincondelbulla.cl\/portal\/wp-content\/uploads\/2016\/10\/Ariel-Beltramo-768x432.jpg 768w, https:\/\/www.rincondelbulla.cl\/portal\/wp-content\/uploads\/2016\/10\/Ariel-Beltramo-1200x675.jpg 1200w, https:\/\/www.rincondelbulla.cl\/portal\/wp-content\/uploads\/2016\/10\/Ariel-Beltramo-696x392.jpg 696w, https:\/\/www.rincondelbulla.cl\/portal\/wp-content\/uploads\/2016\/10\/Ariel-Beltramo-1068x601.jpg 1068w, https:\/\/www.rincondelbulla.cl\/portal\/wp-content\/uploads\/2016\/10\/Ariel-Beltramo-746x420.jpg 746w\" sizes=\"auto, (max-width: 4208px) 100vw, 4208px\" \/><figcaption id=\"caption-attachment-10511\" class=\"wp-caption-text\">El ex goleador azul actualmente es formador de peque\u00f1os talentos y est\u00e1 a cargo de una escuela de f\u00fatbol en C\u00f3rdoba , Argentina. Foto: Marco Valdovinos<\/figcaption><\/figure>\n<p><strong>De paso en Chile junto a una delegaci\u00f3n de C\u00f3rdoba (Argentina), el ex artillero azul tuvo tiempo para hablar del presente del equipo y recordar su tr\u00e1nsito por el \u201cRom\u00e1ntico Viajero\u201d. Espera que el equipo recupere la actitud de anta\u00f1o, esa que nos dejaron los a\u00f1os noventa.<\/strong><!--more--><\/p>\n<p>Poco antes del mediod\u00eda del d\u00eda domingo, un grupo de ni\u00f1os argentinos de la Escuela de F\u00fatbol C\u00f3rdoba Calcio y sus padres llegan a las canchas del complejo Florida Soccer para disputar el ultimo amistoso de la gira que los trajo a nuestro pa\u00eds. Encabezando la delegaci\u00f3n y ex azul que dej\u00f3 un grato recuerdo en las canchas nacionales: Ariel Ceferino Beltramo, el de los goles.<\/p>\n<p>Siempre agradecido del pueblo azul, comparti\u00f3 con hinchas, se dio su tiempo y quiso conversar sobre sus recuerdos en el club, el \u00faltimo Supercl\u00e1sico perdido y por qu\u00e9 esta \u201cU\u201d no anda como la de los recordados a\u00f1os noventa.<\/p>\n<p><strong>Ariel, \u00bfqu\u00e9 recuerdos guardas de tu paso por la U. de Chile?<\/strong><\/p>\n<p>&#8211;<em>Los mejores. Marc\u00f3 el momento m\u00e1s \u00f3ptimo de mi carrera, donde pude mostrarme con mayor rendimiento. Si bien no ten\u00eda tanta continuidad en los equipos que estuve, tuvimos un buen rendimiento en lo grupal e individual.<\/em><\/p>\n<p><strong>\u00bfTe falt\u00f3 algo por cumplir en el club?<\/strong><\/p>\n<p>&#8211;<em>Lo que me qued\u00f3 un poco de pesar es que no alcanc\u00e9 a estar en el campeonato del 94. Hicimos todo para que eso se encaminara. Lo intentamos pero no pudimos.<\/em><\/p>\n<p><strong>\u00bfViste la derrota azul en el \u00faltimo Supercl\u00e1sico?\u00a0<\/strong><\/p>\n<p>&#8211;<em>No lo vi, pero me gu\u00edo por los comentarios que me hizo la gente\u2026 Un cl\u00e1sico se puede perder de distintas formas, pero lo que m\u00e1s se lamenta o que lamenta la gente actualmente, es que se ha perdido el esp\u00edritu que nosotros ten\u00edamos en los noventa. <\/em><\/p>\n<p><strong>\u00bfQu\u00e9 te pareci\u00f3 el desempe\u00f1o del plantel?<\/strong><\/p>\n<p><em>Nosotros tambi\u00e9n perdimos cl\u00e1sicos, pero no se nos recriminaba tanto la forma. El tema es c\u00f3mo se pierden: luchando, jugando con sentimiento con coraz\u00f3n. Es lo que a esta nueva \u201cU\u201d, en los tiempos actuales, y los hinchas se han acostumbrado. Los t\u00edtulos naciones e internacionales que logr\u00f3 Sampaoli, hacen que los pr\u00f3ximos que vienen tienen que ganar y tienen m\u00e1s exigencias que nosotros. Ojala encuentren el rumbo y que los jugadores actuales vuelvan a recuperar ese \u201ccoraz\u00f3n\u201d que ten\u00edamos cuando jug\u00e1bamos.<\/em><\/p>\n<p><strong>\u00bfSe entiende entonces el ataque con cajas de huevos al plantel que protagonizaron un grupo de hinchas?<\/strong><\/p>\n<p>&#8211;<em>No, ninguna justificaci\u00f3n. Uno puede demostrar su impotencia y frustraci\u00f3n por no cambiar un resultado, m\u00e1s cuando perd\u00e9s con el c\u00e1sico rival. Aunque nunca es lindo perder, quiz\u00e1s es mejor perder con otro equipo que no es de elite, pero no perder los cl\u00e1sicos. Este tipo de reacciones est\u00e1n de m\u00e1s.<\/em><\/p>\n<p><strong>\u00bfQu\u00e9 diferencia a la \u201cU\u201d que te toc\u00f3 defender con la actual?<\/strong><\/p>\n<p>&#8211;<em>Yo creo que la diferencia es que antes \u00e9ramos m\u00e1s un \u201cequipo de guerreros\u201d que uno de grandes jugadores, que ten\u00edamos un gran esp\u00edritu de lucha. Pel\u00e1bamos los partidos hasta el final. Nos era dif\u00edcil tambi\u00e9n porque ten\u00edamos equipos como el Colo Colo del 91 campe\u00f3n de la Libertadores, Cobreloa que ten\u00eda un gran equipo y Cat\u00f3lica tambi\u00e9n. Ten\u00edas dos o tres equipos grandes y si eran bien marcadas las luchas. Ahora, quiz\u00e1s aparecen otros equipos de provincia, que quiz\u00e1s est\u00e1n potencialmente en mejores rendimiento que la propia \u201cU\u201d y Colo Colo mismos actualmente.<\/em><\/p>\n<p><strong>A t\u00fa opini\u00f3n, \u00bfqu\u00e9 le falta a algunos jugadores que actualmente defienden esta camiseta?<\/strong><\/p>\n<p>&#8211;<em>Se recrimina la falta de actitud, la falta de juego. Pero eso se da con el tiempo. La actitud no se negocia: lo ten\u00e9s o no lo ten\u00e9s, o vas al frente o sos pasivo. Uno debe siempre darse y brindarse. Uno puede perder, pero hay distintas formas: esforz\u00e1ndose, corriendo, luchando aunque no se juegue bien.<\/em><\/p>\n<p><strong>\u00bfQuiz\u00e1s los tiempos de glorias conseguidos de la mano de Sampaoli le hicieron mal a la m\u00edstica azul y a los hinchas?<\/strong><\/p>\n<p>&#8211;<em>Le hizo muy bien. Era lo que necesitaba la \u201cU\u201d. Les dio t\u00edtulos internacionales y prestigio. Pero por otro lado, uno mal acostumbra a la gente porque se te obliga a ganar siempre y mantener posteriormente esos resultados. Est\u00e1 bien que se haya logrado, aunque no siempre se puede a ese nivel\u2026 L\u00e1stima que no lo pudimos lograr nosotros en aquellos a\u00f1os.<\/em><\/p>\n<p><strong>La llegada de V\u00edctor Hugo Casta\u00f1eda y de Luis Musrri a la banca de la \u201cU\u201d, \u00bfqu\u00e9 te parecen?<\/strong><\/p>\n<p>&#8211;<em>Ojala les haga bien, porque son dos hist\u00f3ricos. Han ganado t\u00edtulos nacionales, pueden y saben marcarles y cambiar el rumbo, entregar el car\u00e1cter que es la esencia de la vieja \u201cU\u201d. Ojala lo puedan transmitir.<\/em><\/p>\n<p><strong>\u00bfCu\u00e1l es el recuerdo que guardas del hincha de la \u201cU\u201d?<\/strong><\/p>\n<p>&#8211;<em>El mejor. Siempre y actualmente tengo comunicaci\u00f3n con ellos. Eso me da placer, porque es el equipo donde m\u00e1s me reconocen, donde yo m\u00e1s me brind\u00e9 y rend\u00ed. El placer y agradecimiento es mutuo.<\/em><\/p>\n","protected":false},"excerpt":{"rendered":"<p>De paso en Chile junto a una delegaci\u00f3n de C\u00f3rdoba (Argentina), el ex artillero azul tuvo tiempo para hablar del presente del equipo y recordar su tr\u00e1nsito por el \u201cRom\u00e1ntico Viajero\u201d. Espera que el equipo recupere la actitud de anta\u00f1o, esa que nos dejaron los a\u00f1os noventa.<\/p>\n","protected":false},"author":21382,"featured_media":10512,"comment_status":"closed","ping_status":"open","sticky":false,"template":"","format":"standard","meta":{"footnotes":""},"categories":[18],"tags":[454,920,915,916,387,502,128,921,917,489,918,919,180,358,40,400,157,44,294,603,156,902],"class_list":{"0":"post-10510","1":"post","2":"type-post","3":"status-publish","4":"format-standard","5":"has-post-thumbnail","7":"category-actualidad","8":"tag-actualidad","9":"tag-argentina","10":"tag-ariel-beltramo","11":"tag-ariel-ceferino-beltramo","12":"tag-cobreloa","13":"tag-colo-colo","14":"tag-copa-libertadores","15":"tag-cordoba","16":"tag-cordoba-calcio","17":"tag-entrevista","18":"tag-escuela-de-futbol","19":"tag-florida-soccer","20":"tag-hinchas","21":"tag-hinchas-azules","22":"tag-jorge-sampaoli","23":"tag-luis-musrri","24":"tag-portada","25":"tag-superclasico","26":"tag-u-de-chile","27":"tag-universidad-catolica","28":"tag-universidad-de-chile","29":"tag-victor-hugo-castaneda"},"_links":{"self":[{"href":"https:\/\/www.rincondelbulla.cl\/portal\/wp-json\/wp\/v2\/posts\/10510","targetHints":{"allow":["GET"]}}],"collection":[{"href":"https:\/\/www.rincondelbulla.cl\/portal\/wp-json\/wp\/v2\/posts"}],"about":[{"href":"https:\/\/www.rincondelbulla.cl\/portal\/wp-json\/wp\/v2\/types\/post"}],"author":[{"embeddable":true,"href":"https:\/\/www.rincondelbulla.cl\/portal\/wp-json\/wp\/v2\/users\/21382"}],"replies":[{"embeddable":true,"href":"https:\/\/www.rincondelbulla.cl\/portal\/wp-json\/wp\/v2\/comments?post=10510"}],"version-history":[{"count":3,"href":"https:\/\/www.rincondelbulla.cl\/portal\/wp-json\/wp\/v2\/posts\/10510\/revisions"}],"predecessor-version":[{"id":10527,"href":"https:\/\/www.rincondelbulla.cl\/portal\/wp-json\/wp\/v2\/posts\/10510\/revisions\/10527"}],"wp:featuredmedia":[{"embeddable":true,"href":"https:\/\/www.rincondelbulla.cl\/portal\/wp-json\/wp\/v2\/media\/10512"}],"wp:attachment":[{"href":"https:\/\/www.rincondelbulla.cl\/portal\/wp-json\/wp\/v2\/media?parent=10510"}],"wp:term":[{"taxonomy":"category","embeddable":true,"href":"https:\/\/www.rincondelbulla.cl\/portal\/wp-json\/wp\/v2\/categories?post=10510"},{"taxonomy":"post_tag","embeddable":true,"href":"https:\/\/www.rincondelbulla.cl\/portal\/wp-json\/wp\/v2\/tags?post=10510"}],"curies":[{"name":"wp","href":"https:\/\/api.w.org\/{rel}","templated":true}]}}