{"id":10552,"date":"2016-10-17T14:04:44","date_gmt":"2016-10-17T17:04:44","guid":{"rendered":"http:\/\/www.rincondelbulla.cl\/portal\/?p=10552"},"modified":"2016-10-17T14:04:44","modified_gmt":"2016-10-17T17:04:44","slug":"la-gata-regala-alegrias-tambien-fuera-de-la-cancha","status":"publish","type":"post","link":"https:\/\/www.rincondelbulla.cl\/portal\/2016\/10\/17\/la-gata-regala-alegrias-tambien-fuera-de-la-cancha\/","title":{"rendered":"\u00abLa Gata\u00bb regala alegr\u00edas tambien fuera de la cancha"},"content":{"rendered":"<p><img loading=\"lazy\" decoding=\"async\" class=\"alignnone size-full wp-image-10554\" src=\"http:\/\/www.rincondelbulla.cl\/portal\/wp-content\/uploads\/2016\/10\/Gaston-Fernandez-3.jpg\" alt=\"gaston-fernandez-3\" width=\"1086\" height=\"724\" srcset=\"https:\/\/www.rincondelbulla.cl\/portal\/wp-content\/uploads\/2016\/10\/Gaston-Fernandez-3.jpg 1086w, https:\/\/www.rincondelbulla.cl\/portal\/wp-content\/uploads\/2016\/10\/Gaston-Fernandez-3-300x200.jpg 300w, https:\/\/www.rincondelbulla.cl\/portal\/wp-content\/uploads\/2016\/10\/Gaston-Fernandez-3-768x512.jpg 768w, https:\/\/www.rincondelbulla.cl\/portal\/wp-content\/uploads\/2016\/10\/Gaston-Fernandez-3-696x464.jpg 696w, https:\/\/www.rincondelbulla.cl\/portal\/wp-content\/uploads\/2016\/10\/Gaston-Fernandez-3-1068x712.jpg 1068w, https:\/\/www.rincondelbulla.cl\/portal\/wp-content\/uploads\/2016\/10\/Gaston-Fernandez-3-630x420.jpg 630w\" sizes=\"auto, (max-width: 1086px) 100vw, 1086px\" \/><\/p>\n<p><strong>Pese a ingresar desde la banca, Gast\u00f3n Fern\u00e1ndez se las arregl\u00f3 para intentar darle una alegr\u00eda al pueblo azul, pero finalmente no pudo. Sin embargo, una vez finalizado el encuentro, se dio el tiempo para compartir y hacer feliz a un joven hincha que so\u00f1aba conocerlo.<\/strong><!--more--><\/p>\n<p>El \u00e1nimo\u00a0al salir del camar\u00edn no era de los mejores, su cara lo reflejaba. Ya hab\u00eda hablado con el CDF en cancha, por lo que al ser consultado por el periodista en la zona mixta Gast\u00f3n se excus\u00f3 y prefiri\u00f3 seguir de largo. Sin embargo, un hecho hizo cambiar el semblante del argentino y su estado de an\u00edmico.<\/p>\n<p>Poco antes de la subida al bus del plantel lo esperaba Vicente Parada Alfaro, de 14 a\u00f1os, un joven que so\u00f1aba con conocer a quien considera \u201cun gran jugador\u201d. Bicho, como lo conocen sus cercanos, se vio sorprendido al tener frente a sus ojos a ese futbolista a quien tanto admira y de quien conoce tanto de su juego. Se saludaron y el abrazo no se hizo esperar. Un fuerte apret\u00f3n sell\u00f3 el sue\u00f1o de aquel joven.<\/p>\n<p>Intercambiaron algunas palabras, Vicente le dijo lo mucho que lo admiraba y \u201cLa Gata\u201d le agradeci\u00f3 el cari\u00f1o manifestado. Tras la primera foto, Fern\u00e1ndez le entreg\u00f3 un regalo que sin duda este hincha guardar\u00e1 en su memoria: le obsequi\u00f3 su camiseta. Plum\u00f3n en mano, Gast\u00f3n Fern\u00e1ndez dedic\u00f3 y autografi\u00f3 el obsequio: \u201cPara Vicente con todo mi aprecio\u2026\u201d escribi\u00f3 al trasandino, ante la atenta mirada de su admirador. Vicente no lo cre\u00eda y le preguntaba por qu\u00e9 a \u00e9l le hac\u00eda ese regalo. \u201cLa Gata\u201d sonri\u00f3.<\/p>\n<figure id=\"attachment_10553\" aria-describedby=\"caption-attachment-10553\" style=\"width: 1086px\" class=\"wp-caption alignnone\"><img loading=\"lazy\" decoding=\"async\" class=\"size-full wp-image-10553\" src=\"http:\/\/www.rincondelbulla.cl\/portal\/wp-content\/uploads\/2016\/10\/Gaston-Fernandez-2.jpg\" alt=\"Vicente Parada y Gast\u00f3n Fern\u00e1ndez sonr\u00eden a la c\u00e1mara tras conocerse. sonrisa que sin duda estar\u00e1 mucho tiempo en el rostro de este joven hincha. Foto: Claudio C\u00e1ceres\" width=\"1086\" height=\"724\" srcset=\"https:\/\/www.rincondelbulla.cl\/portal\/wp-content\/uploads\/2016\/10\/Gaston-Fernandez-2.jpg 1086w, https:\/\/www.rincondelbulla.cl\/portal\/wp-content\/uploads\/2016\/10\/Gaston-Fernandez-2-300x200.jpg 300w, https:\/\/www.rincondelbulla.cl\/portal\/wp-content\/uploads\/2016\/10\/Gaston-Fernandez-2-768x512.jpg 768w, https:\/\/www.rincondelbulla.cl\/portal\/wp-content\/uploads\/2016\/10\/Gaston-Fernandez-2-696x464.jpg 696w, https:\/\/www.rincondelbulla.cl\/portal\/wp-content\/uploads\/2016\/10\/Gaston-Fernandez-2-1068x712.jpg 1068w, https:\/\/www.rincondelbulla.cl\/portal\/wp-content\/uploads\/2016\/10\/Gaston-Fernandez-2-630x420.jpg 630w\" sizes=\"auto, (max-width: 1086px) 100vw, 1086px\" \/><figcaption id=\"caption-attachment-10553\" class=\"wp-caption-text\">Vicente Parada y Gast\u00f3n Fern\u00e1ndez sonr\u00eden a la c\u00e1mara tras conocerse. sonrisa que sin duda estar\u00e1 mucho tiempo en el rostro de este joven hincha. Foto: Claudio C\u00e1ceres<\/figcaption><\/figure>\n<p>El momento del adi\u00f3s para ambos hab\u00eda llegado: el jugador deb\u00eda abordar el bus, Vicente volver a casa. Un abrazo volvi\u00f3 a sellar ese sue\u00f1o, ese que quiz\u00e1s el tiempo har\u00e1 olvidar para muchos, pero que Vicente jam\u00e1s podr\u00e1 borra de su mente.<\/p>\n<p>Minutos como estos son los que nos hacen recordar qu\u00e9 es ser hincha de \u201cU\u201d, donde la camarader\u00eda y el af\u00e1n de ayudar al camarada que lo necesita se antepone a todo. Por eso como staff queremos agradecer a Tienda Sector Sur, al Club Universidad de Chile y a todos quienes hicieron posible hacer realidad este sue\u00f1o, el de Vicente.<\/p>\n","protected":false},"excerpt":{"rendered":"<p>Pese a ingresar desde la banca, Gast\u00f3n Fern\u00e1ndez se las arregl\u00f3 para intentar darle una alegr\u00eda al pueblo azul, pero finalmente no pudo. Sin embargo, una vez finalizado el encuentro, se dio el tiempo para compartir y hacer feliz a un joven hincha que so\u00f1aba conocerlo.<\/p>\n","protected":false},"author":21382,"featured_media":10555,"comment_status":"closed","ping_status":"open","sticky":false,"template":"","format":"standard","meta":{"footnotes":""},"categories":[18],"tags":[454,929,782,930,358,157,928,294,156,927],"class_list":{"0":"post-10552","1":"post","2":"type-post","3":"status-publish","4":"format-standard","5":"has-post-thumbnail","7":"category-actualidad","8":"tag-actualidad","9":"tag-camaraderia","10":"tag-gaston-fernandez","11":"tag-hincha-de-la-u","12":"tag-hinchas-azules","13":"tag-portada","14":"tag-tienda-sector-sur","15":"tag-u-de-chile","16":"tag-universidad-de-chile","17":"tag-vicente-parada"},"_links":{"self":[{"href":"https:\/\/www.rincondelbulla.cl\/portal\/wp-json\/wp\/v2\/posts\/10552","targetHints":{"allow":["GET"]}}],"collection":[{"href":"https:\/\/www.rincondelbulla.cl\/portal\/wp-json\/wp\/v2\/posts"}],"about":[{"href":"https:\/\/www.rincondelbulla.cl\/portal\/wp-json\/wp\/v2\/types\/post"}],"author":[{"embeddable":true,"href":"https:\/\/www.rincondelbulla.cl\/portal\/wp-json\/wp\/v2\/users\/21382"}],"replies":[{"embeddable":true,"href":"https:\/\/www.rincondelbulla.cl\/portal\/wp-json\/wp\/v2\/comments?post=10552"}],"version-history":[{"count":1,"href":"https:\/\/www.rincondelbulla.cl\/portal\/wp-json\/wp\/v2\/posts\/10552\/revisions"}],"predecessor-version":[{"id":10559,"href":"https:\/\/www.rincondelbulla.cl\/portal\/wp-json\/wp\/v2\/posts\/10552\/revisions\/10559"}],"wp:featuredmedia":[{"embeddable":true,"href":"https:\/\/www.rincondelbulla.cl\/portal\/wp-json\/wp\/v2\/media\/10555"}],"wp:attachment":[{"href":"https:\/\/www.rincondelbulla.cl\/portal\/wp-json\/wp\/v2\/media?parent=10552"}],"wp:term":[{"taxonomy":"category","embeddable":true,"href":"https:\/\/www.rincondelbulla.cl\/portal\/wp-json\/wp\/v2\/categories?post=10552"},{"taxonomy":"post_tag","embeddable":true,"href":"https:\/\/www.rincondelbulla.cl\/portal\/wp-json\/wp\/v2\/tags?post=10552"}],"curies":[{"name":"wp","href":"https:\/\/api.w.org\/{rel}","templated":true}]}}