{"id":1057,"date":"2008-10-27T11:36:29","date_gmt":"2008-10-27T11:36:29","guid":{"rendered":"http:\/\/www.rincondelbulla.cl\/portal\/?p=1057"},"modified":"2008-10-27T11:36:29","modified_gmt":"2008-10-27T11:36:29","slug":"nelson-pinto-responde-a-ormeno-aca-hay-mas-pasion","status":"publish","type":"post","link":"https:\/\/www.rincondelbulla.cl\/portal\/2008\/10\/27\/nelson-pinto-responde-a-ormeno-aca-hay-mas-pasion\/","title":{"rendered":"Nelson Pinto responde a Orme\u00f1o: \u00abAc\u00e1 hay m\u00e1s pasi\u00f3n\u00bb"},"content":{"rendered":"<p><img decoding=\"async\" src=\"images\/stories\/nelsonpinto2.jpg\" hspace=\"6\" alt=\"\" title=\"\" border=\"0\" style=\"float: left;\" \/><b>El &quot;Chupa&quot; admite que baj&oacute; el p&uacute;blico azul, pero que igual es m&aacute;s fervoroso que el de la UC.<\/b><br \/> No cayeron muy bien en el Caracol las declaraciones que formul&oacute; el volante de la UC Jorge Orme&ntilde;o, quien entre otras cosas asegur&oacute; que la U hab&iacute;a perdido convocatoria en los &uacute;ltimos a&ntilde;os y que adem&aacute;s &quot;nadie la conoce<br \/>  <!--more--> internacionalmente&quot;.<\/p>\n<p> Nelson Pinto, volante que ma&ntilde;ana ser&aacute; titular ante los cruzados, respondi&oacute; que &quot;eso que nadie conoce a la U es falso. Cuando yo jugu&eacute; en M&eacute;xico, todos conoc&iacute;an a los tres grandes de Chile y siempre me preguntaban por la U y por la convocatoria que ten&iacute;a&quot;. El &quot;Chupa&quot; agreg&oacute; que &quot;en cuanto al p&uacute;blico, quiz&aacute;s ha bajado en los &uacute;ltimos a&ntilde;os, pero sigue siendo m&aacute;s que la UC: el martes se volver&aacute; a demostrar que ac&aacute; hay m&aacute;s pasi&oacute;n&quot;.<\/p>\n<p> El ex Tecos asegur&oacute; que &quot;me da lo mismo lo que digan en la UC&quot;, pero recalc&oacute; que no hay que hablar tanto. &quot;Yo podr&iacute;a decir que ellos son fr&iacute;os, que no corren, que no meten y que son c&oacute;modos, pero no lo creo, y prefiero que demostremos en la cancha lo que pesamos. El partido hay que ganarlo, porque Palestino nos pas&oacute; y necesitamos clasificar a la Libertadores&quot;.<\/p>\n<p> Miguel Pinto, en tanto, no quiso contestarle a Orme&ntilde;o y s&oacute;lo dijo que &quot;estamos concentrados en el partido y preferimos ir por el objetivo que nos propusimos: dejar a la U en un torneo internacional&quot;.<\/p>\n<p> Ser&aacute; el primer cl&aacute;sico universitario del &quot;Chupa&quot; luego de su retorno desde M&eacute;xico. <\/p>\n","protected":false},"excerpt":{"rendered":"<p>El &quot;Chupa&quot; admite que baj&oacute; el p&uacute;blico azul, pero que igual es m&aacute;s fervoroso que el de la UC. No cayeron muy bien en el Caracol las declaraciones que formul&oacute; el volante de la UC Jorge Orme&ntilde;o, quien entre otras cosas asegur&oacute; que la U hab&iacute;a perdido convocatoria en los &uacute;ltimos a&ntilde;os y que adem&aacute;s [&#8230;]<\/p>\n","protected":false},"author":1,"featured_media":0,"comment_status":"open","ping_status":"open","sticky":false,"template":"","format":"standard","meta":{"footnotes":""},"categories":[18],"tags":[],"class_list":{"0":"post-1057","1":"post","2":"type-post","3":"status-publish","4":"format-standard","6":"category-actualidad"},"_links":{"self":[{"href":"https:\/\/www.rincondelbulla.cl\/portal\/wp-json\/wp\/v2\/posts\/1057","targetHints":{"allow":["GET"]}}],"collection":[{"href":"https:\/\/www.rincondelbulla.cl\/portal\/wp-json\/wp\/v2\/posts"}],"about":[{"href":"https:\/\/www.rincondelbulla.cl\/portal\/wp-json\/wp\/v2\/types\/post"}],"author":[{"embeddable":true,"href":"https:\/\/www.rincondelbulla.cl\/portal\/wp-json\/wp\/v2\/users\/1"}],"replies":[{"embeddable":true,"href":"https:\/\/www.rincondelbulla.cl\/portal\/wp-json\/wp\/v2\/comments?post=1057"}],"version-history":[{"count":0,"href":"https:\/\/www.rincondelbulla.cl\/portal\/wp-json\/wp\/v2\/posts\/1057\/revisions"}],"wp:attachment":[{"href":"https:\/\/www.rincondelbulla.cl\/portal\/wp-json\/wp\/v2\/media?parent=1057"}],"wp:term":[{"taxonomy":"category","embeddable":true,"href":"https:\/\/www.rincondelbulla.cl\/portal\/wp-json\/wp\/v2\/categories?post=1057"},{"taxonomy":"post_tag","embeddable":true,"href":"https:\/\/www.rincondelbulla.cl\/portal\/wp-json\/wp\/v2\/tags?post=1057"}],"curies":[{"name":"wp","href":"https:\/\/api.w.org\/{rel}","templated":true}]}}