{"id":10650,"date":"2016-11-02T18:23:40","date_gmt":"2016-11-02T21:23:40","guid":{"rendered":"http:\/\/www.rincondelbulla.cl\/portal\/?p=10650"},"modified":"2016-11-02T18:24:54","modified_gmt":"2016-11-02T21:24:54","slug":"actividades-previas-al-duelo-frente-a-iquique","status":"publish","type":"post","link":"https:\/\/www.rincondelbulla.cl\/portal\/2016\/11\/02\/actividades-previas-al-duelo-frente-a-iquique\/","title":{"rendered":"Actividades previas al duelo frente a Iquique"},"content":{"rendered":"<p>En el marco de lo que se ha denominado como el \u00abD\u00eda del Hincha Azul\u00bb, se realizar\u00e1n diferentes actividades en el <a href=\"http:\/\/coliseonacional.cl\/\"><strong>Estadio Nacional.<\/strong><\/a><!--more--><\/p>\n<p>A pesar de que el duelo de la \u00abU\u00bb frente a Iquique comienza a las 20.30 horas, la invitaci\u00f3n es a llegar a las <strong>18 horas.<\/strong><\/p>\n<p>&#8211;<strong>Partido Preliminar<\/strong>: Famosos jugar\u00e1n contra los ex azules de la Corporaci\u00f3n. Dentro de los rostros que entrar\u00e1n a la cancha est\u00e1n: <strong>Eduardo Fuentes<\/strong> (Animador), <strong>Christopher Carpentier<\/strong> (MasterChef), <strong>Bombo Fica<\/strong> (Humorista) y <strong>Nano Stern<\/strong> (Cantante).<\/p>\n<p>&#8211;<strong>Show Musical<\/strong>: En esta ocasi\u00f3n se le ha querido dar un sentido de identidad y estar\u00e1 en las manos de <strong>Machuca <\/strong>y las cuecas bravas de <strong>Marco Olea<\/strong><strong>.<\/strong><\/p>\n<div class=\"youtube-embed\" data-video_id=\"LZCJcMHMcB8\"><iframe loading=\"lazy\" width=\"696\" height=\"392\" src=\"https:\/\/www.youtube.com\/embed\/LZCJcMHMcB8?feature=oembed&#038;enablejsapi=1\" frameborder=\"0\" allow=\"accelerometer; autoplay; encrypted-media; gyroscope; picture-in-picture\" allowfullscreen><\/iframe><\/div>\n<p>&#8211;<strong>Homenaje<\/strong>: En lo que la concesionaria ha denominado como la semana del <strong>Ballet Azul<\/strong>, tambi\u00e9n habr\u00e1 tiempo este s\u00e1bado para rendirles homenaje a estos \u00eddolos.<\/p>\n<p>&#8211;<strong>Bandera Gigante<\/strong>: Sin duda es algo que los hinchas llevan a\u00f1os esperando y por fin se podr\u00e1 hacer en un partido de la U.<\/p>\n<p><img loading=\"lazy\" decoding=\"async\" class=\" wp-image-8752\" src=\"http:\/\/www.rincondelbulla.cl\/portal\/wp-content\/uploads\/2016\/03\/banderagigante.jpg\" alt=\"Este s\u00e1bado se har\u00e1 la reparaci\u00f3n de la bandera gigante\" width=\"425\" height=\"283\" srcset=\"https:\/\/www.rincondelbulla.cl\/portal\/wp-content\/uploads\/2016\/03\/banderagigante.jpg 1100w, https:\/\/www.rincondelbulla.cl\/portal\/wp-content\/uploads\/2016\/03\/banderagigante-300x200.jpg 300w, https:\/\/www.rincondelbulla.cl\/portal\/wp-content\/uploads\/2016\/03\/banderagigante-768x512.jpg 768w, https:\/\/www.rincondelbulla.cl\/portal\/wp-content\/uploads\/2016\/03\/banderagigante-696x464.jpg 696w, https:\/\/www.rincondelbulla.cl\/portal\/wp-content\/uploads\/2016\/03\/banderagigante-1068x712.jpg 1068w, https:\/\/www.rincondelbulla.cl\/portal\/wp-content\/uploads\/2016\/03\/banderagigante-630x420.jpg 630w\" sizes=\"auto, (max-width: 425px) 100vw, 425px\" \/><\/p>\n<p>&#8211;<strong>Entradas<\/strong>: A\u00fan puedes adquirir los tickets para este especial d\u00eda mediante el sistema <a href=\"http:\/\/www.puntoticket.com\/Evento.aspx?EventoID=UCH088\"><strong>Puntoticket<\/strong><\/a>.<\/p>\n<p style=\"text-align: center;\"><strong>\u00a1CONOCE LOS HORARIOS AQU\u00ed!<\/strong><\/p>\n<p><img loading=\"lazy\" decoding=\"async\" class=\"alignnone size-full wp-image-10651\" src=\"http:\/\/www.rincondelbulla.cl\/portal\/wp-content\/uploads\/2016\/11\/AFICHE.jpg\" alt=\"afiche\" width=\"700\" height=\"960\" srcset=\"https:\/\/www.rincondelbulla.cl\/portal\/wp-content\/uploads\/2016\/11\/AFICHE.jpg 700w, https:\/\/www.rincondelbulla.cl\/portal\/wp-content\/uploads\/2016\/11\/AFICHE-219x300.jpg 219w, https:\/\/www.rincondelbulla.cl\/portal\/wp-content\/uploads\/2016\/11\/AFICHE-696x955.jpg 696w, https:\/\/www.rincondelbulla.cl\/portal\/wp-content\/uploads\/2016\/11\/AFICHE-306x420.jpg 306w\" sizes=\"auto, (max-width: 700px) 100vw, 700px\" \/><\/p>\n","protected":false},"excerpt":{"rendered":"<p>En el marco de lo que se ha denominado como el \u00abD\u00eda del Hincha Azul\u00bb, se realizar\u00e1n diferentes actividades en el Estadio Nacional.<\/p>\n","protected":false},"author":65,"featured_media":10651,"comment_status":"closed","ping_status":"open","sticky":false,"template":"","format":"standard","meta":{"footnotes":""},"categories":[18],"tags":[922,945,366,944,294],"class_list":{"0":"post-10650","1":"post","2":"type-post","3":"status-publish","4":"format-standard","5":"has-post-thumbnail","7":"category-actualidad","8":"tag-dia-del-hincha-azul","9":"tag-famosos","10":"tag-iquique","11":"tag-machuca","12":"tag-u-de-chile"},"_links":{"self":[{"href":"https:\/\/www.rincondelbulla.cl\/portal\/wp-json\/wp\/v2\/posts\/10650","targetHints":{"allow":["GET"]}}],"collection":[{"href":"https:\/\/www.rincondelbulla.cl\/portal\/wp-json\/wp\/v2\/posts"}],"about":[{"href":"https:\/\/www.rincondelbulla.cl\/portal\/wp-json\/wp\/v2\/types\/post"}],"author":[{"embeddable":true,"href":"https:\/\/www.rincondelbulla.cl\/portal\/wp-json\/wp\/v2\/users\/65"}],"replies":[{"embeddable":true,"href":"https:\/\/www.rincondelbulla.cl\/portal\/wp-json\/wp\/v2\/comments?post=10650"}],"version-history":[{"count":1,"href":"https:\/\/www.rincondelbulla.cl\/portal\/wp-json\/wp\/v2\/posts\/10650\/revisions"}],"predecessor-version":[{"id":10652,"href":"https:\/\/www.rincondelbulla.cl\/portal\/wp-json\/wp\/v2\/posts\/10650\/revisions\/10652"}],"wp:featuredmedia":[{"embeddable":true,"href":"https:\/\/www.rincondelbulla.cl\/portal\/wp-json\/wp\/v2\/media\/10651"}],"wp:attachment":[{"href":"https:\/\/www.rincondelbulla.cl\/portal\/wp-json\/wp\/v2\/media?parent=10650"}],"wp:term":[{"taxonomy":"category","embeddable":true,"href":"https:\/\/www.rincondelbulla.cl\/portal\/wp-json\/wp\/v2\/categories?post=10650"},{"taxonomy":"post_tag","embeddable":true,"href":"https:\/\/www.rincondelbulla.cl\/portal\/wp-json\/wp\/v2\/tags?post=10650"}],"curies":[{"name":"wp","href":"https:\/\/api.w.org\/{rel}","templated":true}]}}