{"id":10658,"date":"2016-11-02T17:40:01","date_gmt":"2016-11-02T20:40:01","guid":{"rendered":"http:\/\/www.rincondelbulla.cl\/portal\/?p=10658"},"modified":"2016-11-02T23:54:50","modified_gmt":"2016-11-03T02:54:50","slug":"rodriguez-y-el-momento-de-la-u-somos-un-equipo-fragil-los-goles-nos-golpean-mucho","status":"publish","type":"post","link":"https:\/\/www.rincondelbulla.cl\/portal\/2016\/11\/02\/rodriguez-y-el-momento-de-la-u-somos-un-equipo-fragil-los-goles-nos-golpean-mucho\/","title":{"rendered":"Rodr\u00edguez y el momento de la U: Somos un equipo fr\u00e1gil, los goles nos golpean mucho"},"content":{"rendered":"<figure id=\"attachment_10659\" aria-describedby=\"caption-attachment-10659\" style=\"width: 1086px\" class=\"wp-caption aligncenter\"><img loading=\"lazy\" decoding=\"async\" class=\"size-full wp-image-10659\" src=\"http:\/\/www.rincondelbulla.cl\/portal\/wp-content\/uploads\/2016\/11\/20.jpg\" alt=\"Foto: Claudio C\u00e1ceres\" width=\"1086\" height=\"724\" srcset=\"https:\/\/www.rincondelbulla.cl\/portal\/wp-content\/uploads\/2016\/11\/20.jpg 1086w, https:\/\/www.rincondelbulla.cl\/portal\/wp-content\/uploads\/2016\/11\/20-300x200.jpg 300w, https:\/\/www.rincondelbulla.cl\/portal\/wp-content\/uploads\/2016\/11\/20-768x512.jpg 768w, https:\/\/www.rincondelbulla.cl\/portal\/wp-content\/uploads\/2016\/11\/20-696x464.jpg 696w, https:\/\/www.rincondelbulla.cl\/portal\/wp-content\/uploads\/2016\/11\/20-1068x712.jpg 1068w, https:\/\/www.rincondelbulla.cl\/portal\/wp-content\/uploads\/2016\/11\/20-630x420.jpg 630w\" sizes=\"auto, (max-width: 1086px) 100vw, 1086px\" \/><figcaption id=\"caption-attachment-10659\" class=\"wp-caption-text\">Foto: Claudio C\u00e1ceres<\/figcaption><\/figure>\n<p><strong>El volante asume la fragilidad psicol\u00f3gica del equipo y cree que a\u00fan hay chance de revertir el mal momento. \u00abMaticrack\u00bb defendi\u00f3 a Vilchez y quiere que Montillo vuelva a la U.<\/strong><!--more--><\/p>\n<p>El momento que vive la U es muy delicado, casi sin opciones en el Apertura. La \u00fanica v\u00eda para quedarse con algo esta temporada ser\u00eda clasificar a una copa internacional.<\/p>\n<p>As\u00ed lo hizo saber Matias Rodr\u00edguez este mi\u00e9rcoles cuando convers\u00f3 con los medios de prensa apostados en el CDA.<\/p>\n<p>Rodr\u00edguez ha sido de los jugadores que con el nuevo cuerpo t\u00e9cnico, encabezado por VH Casta\u00f1eda y Musrri, ha visto un notorio despegue en su nivel futbol\u00edstico.<\/p>\n<p>El volante es claro en se\u00f1alar que la U es un equipo d\u00e9bil\u00a0mentalmente y que se complica ante las anotaciones de los rivales. \u00ab<strong>Comparto que somos un equipo fr\u00e1gil, los goles nos golpean mucho y nos cuesta revertir un resultado. Son rachas en que se junta todo: no ganar, miedo a perder y otras cosas. Es nos perjudica<\/strong>\u00ab.<\/p>\n<p><strong>Pr\u00f3ximo rival<\/strong>: \u00abSabemos que va a ser un partido de harto ritmo y tenemos que preparamos para eso\u00bb.<\/p>\n<p><strong>Posible regreso de Herrera al arco de la U<\/strong>: \u00abJohnny es el capit\u00e1n, nos representa y tenerlo en el arco es una ventaja, porque sabemos lo que representa para el rival\u00bb.<\/p>\n<p><strong>Opciones al t\u00edtulo: \u00ab<\/strong>Es dif\u00edcil, se tienen que dar muchos resultados, mucha gente delante nuestra, pero nosotros queremos sumar la mayor cantidad de puntos para ver qu\u00e9 pasa\u00bb.<\/p>\n<p><strong>El premio de clasificar a un torneo internacional<\/strong>: \u00abSer\u00eda un gran regalo, venimos de un a\u00f1o no muy bueno. Si hay oportunidades hay que aprovecharlas, tenemos cinco finales\u00bb.<\/p>\n<p><strong>En defensa del Quili<\/strong>: \u00abSon jugadas muy raras, a mi me toc\u00f3 contra Audax. Uno quiere hacer un pozo y enterrarse, pero es parte del juego. Nadie quiere cometer errores, menos uno as\u00ed. El Quili es bastante grande, tiene mucha experiencia y nosotros estamos con \u00e9l\u00bb.<\/p>\n<p><strong>El retorno de Walter Montillo<\/strong>: \u00abObviamente ser\u00eda un aporte para nosotros y para la insitituci\u00f3n, pero ese depende de la gente que tiene que contratar. Si me preguntan a m\u00ed, yo les voy a decir que feliz de la vida que venga\u00bb.<\/p>\n<p><iframe loading=\"lazy\" style=\"border: none; overflow: hidden;\" src=\"https:\/\/www.facebook.com\/plugins\/video.php?href=https%3A%2F%2Fwww.facebook.com%2Fclubuniversidaddechileoficial%2Fvideos%2F1504957376185997%2F&amp;show_text=0&amp;width=400\" width=\"400\" height=\"400\" frameborder=\"0\" scrolling=\"no\" allowfullscreen=\"allowfullscreen\"><\/iframe><\/p>\n","protected":false},"excerpt":{"rendered":"<p>El volante asume la fragilidad psicol\u00f3gica del equipo y cree que a\u00fan hay chance de revertir el mal momento. \u00abMaticrack\u00bb defendi\u00f3 a Vilchez y quiere que Montillo vuelva a la U.<\/p>\n","protected":false},"author":56,"featured_media":10659,"comment_status":"closed","ping_status":"open","sticky":false,"template":"","format":"standard","meta":{"footnotes":""},"categories":[18],"tags":[454,890,947,157,156],"class_list":{"0":"post-10658","1":"post","2":"type-post","3":"status-publish","4":"format-standard","5":"has-post-thumbnail","7":"category-actualidad","8":"tag-actualidad","9":"tag-apertura-2016","10":"tag-matias-rodrigez","11":"tag-portada","12":"tag-universidad-de-chile"},"_links":{"self":[{"href":"https:\/\/www.rincondelbulla.cl\/portal\/wp-json\/wp\/v2\/posts\/10658","targetHints":{"allow":["GET"]}}],"collection":[{"href":"https:\/\/www.rincondelbulla.cl\/portal\/wp-json\/wp\/v2\/posts"}],"about":[{"href":"https:\/\/www.rincondelbulla.cl\/portal\/wp-json\/wp\/v2\/types\/post"}],"author":[{"embeddable":true,"href":"https:\/\/www.rincondelbulla.cl\/portal\/wp-json\/wp\/v2\/users\/56"}],"replies":[{"embeddable":true,"href":"https:\/\/www.rincondelbulla.cl\/portal\/wp-json\/wp\/v2\/comments?post=10658"}],"version-history":[{"count":4,"href":"https:\/\/www.rincondelbulla.cl\/portal\/wp-json\/wp\/v2\/posts\/10658\/revisions"}],"predecessor-version":[{"id":10664,"href":"https:\/\/www.rincondelbulla.cl\/portal\/wp-json\/wp\/v2\/posts\/10658\/revisions\/10664"}],"wp:featuredmedia":[{"embeddable":true,"href":"https:\/\/www.rincondelbulla.cl\/portal\/wp-json\/wp\/v2\/media\/10659"}],"wp:attachment":[{"href":"https:\/\/www.rincondelbulla.cl\/portal\/wp-json\/wp\/v2\/media?parent=10658"}],"wp:term":[{"taxonomy":"category","embeddable":true,"href":"https:\/\/www.rincondelbulla.cl\/portal\/wp-json\/wp\/v2\/categories?post=10658"},{"taxonomy":"post_tag","embeddable":true,"href":"https:\/\/www.rincondelbulla.cl\/portal\/wp-json\/wp\/v2\/tags?post=10658"}],"curies":[{"name":"wp","href":"https:\/\/api.w.org\/{rel}","templated":true}]}}