{"id":10670,"date":"2016-11-04T12:29:04","date_gmt":"2016-11-04T15:29:04","guid":{"rendered":"http:\/\/www.rincondelbulla.cl\/portal\/?p=10670"},"modified":"2016-11-05T10:46:51","modified_gmt":"2016-11-05T13:46:51","slug":"luis-musrri-esperemos-manana-transmitir-el-ambiente-a-la-cancha-y-coronarlo-con-un-triunfo-a-estadio-lleno","status":"publish","type":"post","link":"https:\/\/www.rincondelbulla.cl\/portal\/2016\/11\/04\/luis-musrri-esperemos-manana-transmitir-el-ambiente-a-la-cancha-y-coronarlo-con-un-triunfo-a-estadio-lleno\/","title":{"rendered":"Luis Musrri: Esperemos ma\u00f1ana transmitir el ambiente a la cancha y coronarlo con un triunfo a estadio lleno"},"content":{"rendered":"<figure id=\"attachment_10569\" aria-describedby=\"caption-attachment-10569\" style=\"width: 1086px\" class=\"wp-caption aligncenter\"><img loading=\"lazy\" decoding=\"async\" class=\"size-full wp-image-10569\" src=\"http:\/\/www.rincondelbulla.cl\/portal\/wp-content\/uploads\/2016\/10\/4.jpg\" alt=\"Foto: Claudio C\u00e1ceres\" width=\"1086\" height=\"724\" srcset=\"https:\/\/www.rincondelbulla.cl\/portal\/wp-content\/uploads\/2016\/10\/4.jpg 1086w, https:\/\/www.rincondelbulla.cl\/portal\/wp-content\/uploads\/2016\/10\/4-300x200.jpg 300w, https:\/\/www.rincondelbulla.cl\/portal\/wp-content\/uploads\/2016\/10\/4-768x512.jpg 768w, https:\/\/www.rincondelbulla.cl\/portal\/wp-content\/uploads\/2016\/10\/4-696x464.jpg 696w, https:\/\/www.rincondelbulla.cl\/portal\/wp-content\/uploads\/2016\/10\/4-1068x712.jpg 1068w, https:\/\/www.rincondelbulla.cl\/portal\/wp-content\/uploads\/2016\/10\/4-630x420.jpg 630w\" sizes=\"auto, (max-width: 1086px) 100vw, 1086px\" \/><figcaption id=\"caption-attachment-10569\" class=\"wp-caption-text\">Foto: Claudio C\u00e1ceres<\/figcaption><\/figure>\n<p><strong>Esta ma\u00f1ana, el encargado de recibir a los medios de prensa de cara al duelo con el puntero Iquique, fue Luis Musrri. El \u00abeterno capit\u00e1n\u00bb se refiri\u00f3 a lo que\u00a0queda por luchar, las bajas para el s\u00e1bado y la necesidad de los tres puntos.<\/strong><\/p>\n<p><!--more--><\/p>\n<p>Las malas noticias siguen rondando a la U. A las bajas anteriores del cuadro azul, se sumaron Mat\u00edas Rodr\u00edguez por un desgarro, adem\u00e1s de Gustavo Lorenzetti y Vilches,\u00a0quienes salieron con dolores musculares tras la pr\u00e1ctica de hoy.<\/p>\n<p>Sobre esto, Musrri se mostr\u00f3 preocupado por perder a integrantes de la oncena titular, en especial el caso del defensor:<\/p>\n<p><strong>V\u00edlches:\u00a0<\/strong>Nos preocupa, porque no tenemos muchas alternativas de cambio en esa zona. Esperemos que pueda llegar ma\u00f1ana.<\/p>\n<p><strong>Lorenzetti:\u00a0<\/strong>Sali\u00f3 con un golpe del entrenamiento y hay que ver c\u00f3mo evoluciona para ma\u00f1ana.<\/p>\n<p><strong>\u00bfVuelve Bose?\u00a0<\/strong>Entren\u00f3 normal y podr\u00eda ir al banco, aunque es complejo. \u00c9l quiere estar al 100%.<\/p>\n<p><strong>Johnny Herrera:\u00a0<\/strong>Ya est\u00e1 entrenando normal y viene haciendo f\u00fatbol hace varios d\u00edas. Volver\u00eda al once titular.<\/p>\n<p><strong>Las bajas<\/strong>: No hemos podido contar con equipo completo, lo que hace m\u00e1s dif\u00edcil la situaci\u00f3n. Estamos en etapa de evoluci\u00f3n. A los experimentados como Jara, Beausejour o Herrera los hemos tenido muy poco. En experiencia tenemos a un equipo muy joven en v\u00edas de crecer.<\/p>\n<p>La Universidad de Chile saldr\u00e1 a las 20:30 horas a enfrentar al l\u00edder del torneo, con la idea de sumar de a tres para luchar un puesto en la parte alta, que a\u00fan no se ve tan lejana.<\/p>\n<p><strong>Iquique:\u00a0<\/strong>Ser\u00e1 un rival dur\u00edsimo, tiene grandes jugadores y un DT que ha formado un equipo muy competitivo.<\/p>\n<p><strong>La liguilla:\u00a0<\/strong>Hay pocos puntos de diferencia. Nosotros no ganamos hace tres fechas y a\u00fan tenemos posibilidades de luchar por el campeonato. Ser\u00eda bueno para el grupo, en este a\u00f1o dif\u00edcil, clasificar a alg\u00fan torneo internacional.<\/p>\n<p><strong>La semana azul:\u00a0<\/strong>Esta semana hemos tenido un ambiente muy grato, con la visita de algunos miembros del ballet azul. Esperemos que todo ese ambiente lo podamos transmitir a la cancha y se corone con un triunfo a estadio lleno. La hinchada nada que decir, solo nos queda responder a nosotros.<\/p>\n<p>&nbsp;<\/p>\n<p>&nbsp;<\/p>\n<p>&nbsp;<\/p>\n","protected":false},"excerpt":{"rendered":"<p>Esta ma\u00f1ana, el encargado de recibir a los medios de prensa de cara al duelo con el puntero Iquique, fue Luis Musrri. El \u00abeterno capit\u00e1n\u00bb se refiri\u00f3 a lo que\u00a0queda por luchar, las bajas para el s\u00e1bado y la necesidad de los tres puntos.<\/p>\n","protected":false},"author":21383,"featured_media":10449,"comment_status":"closed","ping_status":"open","sticky":false,"template":"","format":"standard","meta":{"footnotes":""},"categories":[18],"tags":[288,805,366,893,157],"class_list":{"0":"post-10670","1":"post","2":"type-post","3":"status-publish","4":"format-standard","5":"has-post-thumbnail","7":"category-actualidad","8":"tag-cda","9":"tag-conferencia","10":"tag-iquique","11":"tag-musrri","12":"tag-portada"},"_links":{"self":[{"href":"https:\/\/www.rincondelbulla.cl\/portal\/wp-json\/wp\/v2\/posts\/10670","targetHints":{"allow":["GET"]}}],"collection":[{"href":"https:\/\/www.rincondelbulla.cl\/portal\/wp-json\/wp\/v2\/posts"}],"about":[{"href":"https:\/\/www.rincondelbulla.cl\/portal\/wp-json\/wp\/v2\/types\/post"}],"author":[{"embeddable":true,"href":"https:\/\/www.rincondelbulla.cl\/portal\/wp-json\/wp\/v2\/users\/21383"}],"replies":[{"embeddable":true,"href":"https:\/\/www.rincondelbulla.cl\/portal\/wp-json\/wp\/v2\/comments?post=10670"}],"version-history":[{"count":3,"href":"https:\/\/www.rincondelbulla.cl\/portal\/wp-json\/wp\/v2\/posts\/10670\/revisions"}],"predecessor-version":[{"id":10683,"href":"https:\/\/www.rincondelbulla.cl\/portal\/wp-json\/wp\/v2\/posts\/10670\/revisions\/10683"}],"wp:featuredmedia":[{"embeddable":true,"href":"https:\/\/www.rincondelbulla.cl\/portal\/wp-json\/wp\/v2\/media\/10449"}],"wp:attachment":[{"href":"https:\/\/www.rincondelbulla.cl\/portal\/wp-json\/wp\/v2\/media?parent=10670"}],"wp:term":[{"taxonomy":"category","embeddable":true,"href":"https:\/\/www.rincondelbulla.cl\/portal\/wp-json\/wp\/v2\/categories?post=10670"},{"taxonomy":"post_tag","embeddable":true,"href":"https:\/\/www.rincondelbulla.cl\/portal\/wp-json\/wp\/v2\/tags?post=10670"}],"curies":[{"name":"wp","href":"https:\/\/api.w.org\/{rel}","templated":true}]}}