{"id":10675,"date":"2016-11-04T20:22:28","date_gmt":"2016-11-04T23:22:28","guid":{"rendered":"http:\/\/www.rincondelbulla.cl\/portal\/?p=10675"},"modified":"2016-11-04T20:22:28","modified_gmt":"2016-11-04T23:22:28","slug":"la-previa-con-varias-bajas-la-u-buscara-quitarle-puntos-al-lider","status":"publish","type":"post","link":"https:\/\/www.rincondelbulla.cl\/portal\/2016\/11\/04\/la-previa-con-varias-bajas-la-u-buscara-quitarle-puntos-al-lider\/","title":{"rendered":"La Previa: Con varias bajas la U buscar\u00e1 quitarle puntos al l\u00edder"},"content":{"rendered":"<figure id=\"attachment_10467\" aria-describedby=\"caption-attachment-10467\" style=\"width: 300px\" class=\"wp-caption alignright\"><img loading=\"lazy\" decoding=\"async\" class=\"size-medium wp-image-10467\" src=\"http:\/\/www.rincondelbulla.cl\/portal\/wp-content\/uploads\/2016\/09\/14449825_10209485653311741_3659816477116593554_n-300x200.jpg\" alt=\"Foto: Patricio Gonz\u00e1lez\" width=\"300\" height=\"200\" srcset=\"https:\/\/www.rincondelbulla.cl\/portal\/wp-content\/uploads\/2016\/09\/14449825_10209485653311741_3659816477116593554_n-300x200.jpg 300w, https:\/\/www.rincondelbulla.cl\/portal\/wp-content\/uploads\/2016\/09\/14449825_10209485653311741_3659816477116593554_n-768x512.jpg 768w, https:\/\/www.rincondelbulla.cl\/portal\/wp-content\/uploads\/2016\/09\/14449825_10209485653311741_3659816477116593554_n-696x464.jpg 696w, https:\/\/www.rincondelbulla.cl\/portal\/wp-content\/uploads\/2016\/09\/14449825_10209485653311741_3659816477116593554_n-630x420.jpg 630w, https:\/\/www.rincondelbulla.cl\/portal\/wp-content\/uploads\/2016\/09\/14449825_10209485653311741_3659816477116593554_n.jpg 960w\" sizes=\"auto, (max-width: 300px) 100vw, 300px\" \/><figcaption id=\"caption-attachment-10467\" class=\"wp-caption-text\">Foto: Patricio Gonz\u00e1lez<\/figcaption><\/figure>\n<p style=\"text-align: left\"><strong>Este s\u00e1bado a las 20:30 en el Nacional, la Universidad de Chile recibir\u00e1 al l\u00edder del torneo, Iquique. Se espera un estadio lleno en lo que tambi\u00e9n ser\u00e1 el d\u00eda del hincha azul<\/strong>.<\/p>\n<p style=\"text-align: left\"><!--more--><\/p>\n<p style=\"text-align: left\">Realidades distintas viven la U e Iquique. Los azules, pese al cambio de t\u00e9cnico y a las mejoras en el juego, sigue sin encontrar los resultados. Iquique en tanto, de seguir en la senda del triunfo podr\u00eda campeonar a fin de semestre.<\/p>\n<p style=\"text-align: left\">Sin embargo, la \u00faltima visita de Los Dragones a Santiago no fue muy grata, ya que recordemos -de la mano de Johnny Herrera en penales- los azules eliminaron al cuadro nortino de Copa Chile.<\/p>\n<p style=\"text-align: left\">En aquel partido, uno de los primeros en la era VHC-Musrri, la U logr\u00f3 un primer tiempo casi perfecto, en el que se aventaj\u00f3 como ganador con un marcador de 2-0. No obstante en la segunda parte los nortinos lograron la paridad forzando los penales.<\/p>\n<p style=\"text-align: left\">La U buscar\u00e1 repetir ese primer tiempo, pero tendr\u00e1 que salir con varias bajas a la cancha, entre las que destacan Beasejour y Rodr\u00edguez, adem\u00e1s de Lorenzetti y Vilches que estar\u00edan en duda hasta \u00faltima hora.<\/p>\n<p style=\"text-align: left\">Considerando estas bajas, la U formar\u00eda con:<\/p>\n<p style=\"text-align: left\"><strong>Herrera; Mart\u00ednez, Contreras, Ram\u00edrez, Monz\u00f3n; Schultz, Reyes, Fern\u00e1ndez; Brice\u00f1o, Mora y Zacaria.<\/strong><\/p>\n","protected":false},"excerpt":{"rendered":"<p>Este s\u00e1bado a las 20:30 en el Nacional, la Universidad de Chile recibir\u00e1 al l\u00edder del torneo, Iquique. Se espera un estadio lleno en lo que tambi\u00e9n ser\u00e1 el d\u00eda del hincha azul.<\/p>\n","protected":false},"author":21383,"featured_media":10396,"comment_status":"closed","ping_status":"open","sticky":false,"template":"","format":"standard","meta":{"footnotes":""},"categories":[18],"tags":[366,157],"class_list":{"0":"post-10675","1":"post","2":"type-post","3":"status-publish","4":"format-standard","5":"has-post-thumbnail","7":"category-actualidad","8":"tag-iquique","9":"tag-portada"},"_links":{"self":[{"href":"https:\/\/www.rincondelbulla.cl\/portal\/wp-json\/wp\/v2\/posts\/10675","targetHints":{"allow":["GET"]}}],"collection":[{"href":"https:\/\/www.rincondelbulla.cl\/portal\/wp-json\/wp\/v2\/posts"}],"about":[{"href":"https:\/\/www.rincondelbulla.cl\/portal\/wp-json\/wp\/v2\/types\/post"}],"author":[{"embeddable":true,"href":"https:\/\/www.rincondelbulla.cl\/portal\/wp-json\/wp\/v2\/users\/21383"}],"replies":[{"embeddable":true,"href":"https:\/\/www.rincondelbulla.cl\/portal\/wp-json\/wp\/v2\/comments?post=10675"}],"version-history":[{"count":3,"href":"https:\/\/www.rincondelbulla.cl\/portal\/wp-json\/wp\/v2\/posts\/10675\/revisions"}],"predecessor-version":[{"id":10678,"href":"https:\/\/www.rincondelbulla.cl\/portal\/wp-json\/wp\/v2\/posts\/10675\/revisions\/10678"}],"wp:featuredmedia":[{"embeddable":true,"href":"https:\/\/www.rincondelbulla.cl\/portal\/wp-json\/wp\/v2\/media\/10396"}],"wp:attachment":[{"href":"https:\/\/www.rincondelbulla.cl\/portal\/wp-json\/wp\/v2\/media?parent=10675"}],"wp:term":[{"taxonomy":"category","embeddable":true,"href":"https:\/\/www.rincondelbulla.cl\/portal\/wp-json\/wp\/v2\/categories?post=10675"},{"taxonomy":"post_tag","embeddable":true,"href":"https:\/\/www.rincondelbulla.cl\/portal\/wp-json\/wp\/v2\/tags?post=10675"}],"curies":[{"name":"wp","href":"https:\/\/api.w.org\/{rel}","templated":true}]}}