{"id":1074,"date":"2008-11-02T21:06:06","date_gmt":"2008-11-02T21:06:06","guid":{"rendered":"http:\/\/www.rincondelbulla.cl\/portal\/?p=1074"},"modified":"2008-11-02T21:06:06","modified_gmt":"2008-11-02T21:06:06","slug":"error-de-federico-valdes","status":"publish","type":"post","link":"https:\/\/www.rincondelbulla.cl\/portal\/2008\/11\/02\/error-de-federico-valdes\/","title":{"rendered":"\u00bfError de Federico Vald\u00e9s?"},"content":{"rendered":"<p><img decoding=\"async\" src=\"images\/stories\/raul_estevez2.jpg\" alt=\"\" title=\"\" style=\"float: left;\" border=\"0\" hspace=\"6\" \/>Mi\u00e9rcoles 29 de octubre. Federico Vald\u00e9s, presidente de Universidad de Chile, caminaba a paso cansino por las afueras del Hotel Ritz, epicentro de la junta directiva de Azul Azul S.A.. Todo andaba bien, pensaba don Federico, dirigi\u00e9ndose hacia su lujoso carro\u2026 hasta su desafortunada declaraci\u00f3n: \u201clas compras de pases corresponden a jugadores que son vendibles\u201d.<\/p>\n<p>  <!--more-->  <\/p>\n<p>{mosimage}\u00c9sta fue la flecha que baj\u00f3 al c\u00f3ndor, en pleno vuelo en pos de bajar la decimotercera estrella del azul firmamento.<\/p>\n<p>A R\u00e1ul \u201cPipa\u201d Est\u00e9vez, uno de los baluartes universitarios, no se le renovar\u00e1 el contrato (El cual finaliza al bajarse el tel\u00f3n del Clausura), ante la avanzada edad del ex-ariete de San Lorenzo y Racing (30 primaveras). (1)<\/p>\n<p>Par\u00e9ntesis para el mea culpa: a comienzos de a\u00f1o, cuando se confirm\u00f3 el aterrizaje de Est\u00e9vez, este trasandino pas\u00f3 desapercibido para m\u00ed. A pesar de su curr\u00edculum, la locura por traerlo al Caracol fue m\u00ednima.<\/p>\n<p>Y el inicio del Apertura me \u201cdio\u201d la raz\u00f3n (desafortunadamente). Est\u00e9vez tuvo un irregular bagaje durante el primer torneo del a\u00f1o. Incluso, fue blanco de cr\u00edticas por el mal funcionamiento del equipo estudiantil y su elevado sueldo. A pesar de esto, Arturo Salah lo mantuvo en el once inicial.<\/p>\n<p>Durante los \u201cPlayoffs\u201d, el ex Acad\u00e9mica de Portugal logr\u00f3 un rendimiento sobresaliente, llevando (Casi de manera inesperada\u2026) al Le\u00f3n a las semifinales. Luego conocen c\u00f3mo termin\u00f3 la odisea\u2026<\/p>\n<p>Consolidado en su mejor momento, \u201cNarigol\u201d (qu\u00e9 apodo m\u00e1s \u201coriginal\u201d) comenz\u00f3 el Clausura como una de las figuras Azules\u2026 y a\u00fan mantiene ese apelativo.<\/p>\n<p>Desborde, velocidad y gol han sido sus principales caracter\u00edsticas en este segundo semestre. \u00bfEl mejor jugador del Clausura?<\/p>\n<p>Mi voto va para el \u201c7\u201d trasandino, quien me cerr\u00f3 la boca (con bozal incluido\u2026).<\/p>\n<p>Volviendo a la realidad, Vald\u00e9s confirm\u00f3 el mito sobre los empresarios en el balompi\u00e9: Desestiman los rendimientos o subjetividades. Para ellos s\u00f3lo cuentan los n\u00fameros fr\u00edos.<\/p>\n<p>Y esa \u00e1lgida (y lapidaria) cifra para Est\u00e9vez es 30.<\/p>\n<p>Como hincha, la jugada de Vald\u00e9s se interpreta como una deslealtad hacia uno de los m\u00e1s destacados esta temporada (junto a Christian Mart\u00ednez y Miguel Pinto).<\/p>\n<p>Incluso, vale preguntare c\u00f3mo afectar\u00e1 al \u201cPipa\u201d todo este embrollo, viendo la recta final del Clausura.<\/p>\n<p>Es la \u00fanica constante conocida s\u00f3lo por Est\u00e9vez, aunque debe ser considerada como una irresponsabilidad de la dirigencia Laica: Las posibles renovaciones o ventas se deben charlar una vez el bal\u00f3n diga \u201cbasta\u201d. Es inoportuno y desubicado hacerlo antes o a mitad de competencia.<\/p>\n<p>\u00bfO desconoce don Federico cu\u00e1ntas camisetas con el siete en la espalda se han vendido esta temporada?<\/p>\n<p>Como periodista (bueno, al menos intento serlo\u2026) y sacando ese empresario capitalista maquiav\u00e9lico -el cual todos llevamos dentro-, esto se puede leer desde dos perspectivas, considerando las grandes urgencias del Rom\u00e1ntico Viajero:<\/p>\n<p>1- Antes de consolidar a la \u201cU\u201d como sucesora de Colo Colo, en cuanto a LA potencia del f\u00fatbol chileno se refiere, se deben sentar las bases econ\u00f3micas para apalear las dos grandes carencias de la instituci\u00f3n: Un estadio propio y un inmueble de entrenamiento. He sido muy prolijo en ambos puntos. Insistir ser\u00eda perseguirme la cola.<\/p>\n<p>2- La salida a la Bolsa de la \u201cU\u201d, confirmada en abril, se ve comprometida ante la incertidumbre burs\u00e1til del mundo y la ca\u00edda de las principales bolsas (2), donde la confianza se encuentra tan s\u00f3lida como la Concertaci\u00f3n despu\u00e9s de las Municipales. Dicho esto, los traspasos en millones de d\u00f3lares (Categor\u00eda ajena a Est\u00e9vez) son una prioridad para cumplir los objetivos se\u00f1alados en el punto anterior. Exportar jugadores es la principal carta de los \u201cpeces gordos\u201d, ante la posible merma de las proyecciones previas a la crisis de Wall Street (Alrededor de 22 millones de la divisa estadounidense esperaba ganar Azul Azul, con la salida al mercado).<\/p>\n<p>Los argumentos est\u00e1n sobre la mesa. Es dif\u00edcil saber de cu\u00e1l lado de la soga tirar. Es un tema dial\u00e9ctico, donde el coraz\u00f3n del hincha se bate con la frialdad del empresario especulador.<\/p>\n<p>Recuerdo, con mucha risa, el siguiente chiste de Condorito (S\u00ed, qu\u00e9 ir\u00f3nico).<\/p>\n<p>Con\u00e9: \u201cBuenas tardes, se\u00f1or, \u00bfqu\u00e9 desea?\u201d.<\/p>\n<p>Se\u00f1or: \u201cBusco al doctor Condorito, peque\u00f1o\u201d<\/p>\n<p>Con\u00e9: \u201cEn este momento no est\u00e1. Tuvo que salir para efectuar una simpactectom\u00eda\u201d.<\/p>\n<p>Se\u00f1or: \u201c\u00a1Qu\u00e9 inteligente eres! \u00bfY sabes t\u00fa qu\u00e9 significa eso de la simpactectom\u00eda?\u201d<\/p>\n<p>Con\u00e9: \u201cClaro que s\u00ed, se\u00f1or, es algo as\u00ed como dos millones de pesos\u201d<\/p>\n<p>\u00bfCu\u00e1nto significa el \u201cPipa\u201d Est\u00e9vez para Federico Vald\u00e9s y Azul Azul S.A.?<\/p>\n<p>Al c\u00f3ndor le fueron cortadas las alas, en pleno vuelo en pos de bajar la decimotercera estrella del azul firmamento\u2026<\/p>\n<p>(1): <a href=\"content\/view\/1068\/1\/\">http:\/\/www.rincondelbulla.cl\/portal\/content\/view\/1068\/1\/<\/a><\/p>\n<p>(2): <a href=\"http:\/\/www.latercera.cl\/contenido\/26_55443_9.shtml\">http:\/\/www.latercera.cl\/contenido\/26_55443_9.shtml<\/a><\/p>\n<p>&nbsp;<\/p>\n","protected":false},"excerpt":{"rendered":"<p>Mi\u00e9rcoles 29 de octubre. Federico Vald\u00e9s, presidente de Universidad de Chile, caminaba a paso cansino por las afueras del Hotel Ritz, epicentro de la junta directiva de Azul Azul S.A.. Todo andaba bien, pensaba don Federico, dirigi\u00e9ndose hacia su lujoso carro\u2026 hasta su desafortunada declaraci\u00f3n: \u201clas compras de pases corresponden a jugadores que son vendibles\u201d.<\/p>\n","protected":false},"author":50,"featured_media":0,"comment_status":"open","ping_status":"open","sticky":false,"template":"","format":"standard","meta":{"footnotes":""},"categories":[18],"tags":[],"class_list":{"0":"post-1074","1":"post","2":"type-post","3":"status-publish","4":"format-standard","6":"category-actualidad"},"_links":{"self":[{"href":"https:\/\/www.rincondelbulla.cl\/portal\/wp-json\/wp\/v2\/posts\/1074","targetHints":{"allow":["GET"]}}],"collection":[{"href":"https:\/\/www.rincondelbulla.cl\/portal\/wp-json\/wp\/v2\/posts"}],"about":[{"href":"https:\/\/www.rincondelbulla.cl\/portal\/wp-json\/wp\/v2\/types\/post"}],"author":[{"embeddable":true,"href":"https:\/\/www.rincondelbulla.cl\/portal\/wp-json\/wp\/v2\/users\/50"}],"replies":[{"embeddable":true,"href":"https:\/\/www.rincondelbulla.cl\/portal\/wp-json\/wp\/v2\/comments?post=1074"}],"version-history":[{"count":0,"href":"https:\/\/www.rincondelbulla.cl\/portal\/wp-json\/wp\/v2\/posts\/1074\/revisions"}],"wp:attachment":[{"href":"https:\/\/www.rincondelbulla.cl\/portal\/wp-json\/wp\/v2\/media?parent=1074"}],"wp:term":[{"taxonomy":"category","embeddable":true,"href":"https:\/\/www.rincondelbulla.cl\/portal\/wp-json\/wp\/v2\/categories?post=1074"},{"taxonomy":"post_tag","embeddable":true,"href":"https:\/\/www.rincondelbulla.cl\/portal\/wp-json\/wp\/v2\/tags?post=1074"}],"curies":[{"name":"wp","href":"https:\/\/api.w.org\/{rel}","templated":true}]}}